
{"id":877,"date":"2022-06-07T17:47:33","date_gmt":"2022-06-07T20:47:33","guid":{"rendered":"https:\/\/www.dbk.net.br\/?p=877"},"modified":"2022-06-25T12:27:38","modified_gmt":"2022-06-25T15:27:38","slug":"os-varios-brasis-dentro-do-brasil","status":"publish","type":"post","link":"https:\/\/www.dbk.net.br\/en\/blog\/os-varios-brasis-dentro-do-brasil\/","title":{"rendered":"Os v\u00e1rios \u201cBrasis\u201d dentro do Brasil"},"content":{"rendered":"<p><span style=\"font-weight: 400;\">Quando falamos do mercado automotivo brasileiro, independentemente do setor, sempre temos que ter em mente que existem v\u00e1rios \u201cbrasis\u201d dentro do Brasil. Num pa\u00eds continental como o nosso, n\u00e3o temos aquela verdade absoluta.\u00a0<\/span><\/p>\n<p><span style=\"font-weight: 400;\">As vendas de ve\u00edculos neste ano registram retra\u00e7\u00e3o de 18,5% sobre o ano passado. Mas o ponto \u201cinteressante\u201d \u00e9 que existe uma vari\u00e2ncia oscilando entre -5,4% e -40,5%.<\/span><\/p>\n<p>&nbsp;<\/p>\n<h3><strong>O que explica esse hiato de mais de 35 pontos percentuais?<\/strong><\/h3>\n<p><span style=\"font-weight: 400;\">O estado com menor retra\u00e7\u00e3o nas vendas foi Minas Gerais, com queda de 5,4%. Esse \u201cbom\u201d resultado deu-se devido \u00e0s compras das locadoras no \u00faltimo m\u00eas. J\u00e1 o nosso pior resultado (retra\u00e7\u00e3o de 40,5%) deu-se no estado da Para\u00edba.<\/span><\/p>\n<p><span style=\"font-weight: 400;\">Na verdade, quando analisamos o gr\u00e1fico de calor, notamos que as maiores quedas ocorreram na regi\u00e3o Nordeste (-27,6%).<\/span><\/p>\n<p><a href=\"https:\/\/www.dbk.net.br\/wp-content\/uploads\/2022\/06\/grafico-1.png\"><img loading=\"lazy\" decoding=\"async\" class=\"aligncenter wp-image-960 size-full\" src=\"https:\/\/www.dbk.net.br\/wp-content\/uploads\/2022\/06\/grafico-1.png\" alt=\"\" width=\"1356\" height=\"1618\" srcset=\"https:\/\/www.dbk.net.br\/wp-content\/uploads\/2022\/06\/grafico-1.png 1356w, https:\/\/www.dbk.net.br\/wp-content\/uploads\/2022\/06\/grafico-1-251x300.png 251w, https:\/\/www.dbk.net.br\/wp-content\/uploads\/2022\/06\/grafico-1-858x1024.png 858w, https:\/\/www.dbk.net.br\/wp-content\/uploads\/2022\/06\/grafico-1-768x916.png 768w, https:\/\/www.dbk.net.br\/wp-content\/uploads\/2022\/06\/grafico-1-1287x1536.png 1287w, https:\/\/www.dbk.net.br\/wp-content\/uploads\/2022\/06\/grafico-1-10x12.png 10w\" sizes=\"auto, (max-width: 1356px) 100vw, 1356px\" \/><\/a><br \/>\n<span style=\"font-weight: 400;\">Al\u00e9m de os piores \u00edndices do coeficiente de Gini se encontram na regi\u00e3o, tamb\u00e9m tivemos a disparada dos pre\u00e7os dos autom\u00f3veis, que acabou impactando negativamente no desempenho de regi\u00f5es com baixo desenvolvimento econ\u00f4mico. Seguindo a ordem, tivemos: Norte -24,4%; Sul -22,7%; Centro-Oeste -16,9 e Sudeste -13,9%.<\/span><\/p>\n<p><span style=\"font-weight: 400;\">Outra d\u00favida nossa \u00e9 saber o que \u00e9 consumido nos estados. No mercado automotivo brasileiro, sabemos que o grande sonho de consumo \u00e9 ter um SUV. O SUV passou a ser o tipo de carro mais vendido no ano passado e segue em passos firmes em 2022.<\/span><\/p>\n<p>&nbsp;<\/p>\n<h3><strong>Mas essa \u00e9 aquela \u201cverdade absoluta\u201d?<\/strong><\/h3>\n<p><span style=\"font-weight: 400;\">Das 27 unidades da federa\u00e7\u00e3o, 22 delas realmente possuem o SUV como o tipo de ve\u00edculo mais vendido. Quatro estados (Acre, Amazonas, Amap\u00e1 e Minas Gerais) preferem os hatches pequenos. No caso de Minas Gerais, os dados s\u00e3o distorcidos por causa das locadoras. Nos outros tr\u00eas estados da regi\u00e3o Norte, percebe-se que a quest\u00e3o do pre\u00e7o ainda \u00e9 predominante para a aquisi\u00e7\u00e3o de ve\u00edculos.<\/span><\/p>\n<p><a href=\"https:\/\/www.dbk.net.br\/wp-content\/uploads\/2022\/06\/grafico-2.png\"><img loading=\"lazy\" decoding=\"async\" class=\"aligncenter wp-image-964 size-full\" src=\"https:\/\/www.dbk.net.br\/wp-content\/uploads\/2022\/06\/grafico-2.png\" alt=\"\" width=\"1353\" height=\"1230\" srcset=\"https:\/\/www.dbk.net.br\/wp-content\/uploads\/2022\/06\/grafico-2.png 1353w, https:\/\/www.dbk.net.br\/wp-content\/uploads\/2022\/06\/grafico-2-300x273.png 300w, https:\/\/www.dbk.net.br\/wp-content\/uploads\/2022\/06\/grafico-2-1024x931.png 1024w, https:\/\/www.dbk.net.br\/wp-content\/uploads\/2022\/06\/grafico-2-768x698.png 768w, https:\/\/www.dbk.net.br\/wp-content\/uploads\/2022\/06\/grafico-2-13x12.png 13w\" sizes=\"auto, (max-width: 1353px) 100vw, 1353px\" \/><\/a><\/p>\n<p><span style=\"font-weight: 400;\">Mas teve um estado que \u201crealmente\u201d nos surpreendeu. No estado de Roraima, mais de 1\/3 dos ve\u00edculos vendidos s\u00e3o picapes m\u00e9dias. Do tipo: Toyota\/Hilux; GM\/S10; VW\/Amarok; Nissan\/Frontier entre outras.<\/span><\/p>\n<p><span style=\"font-weight: 400;\">Quase 34% das vendas de carros desse tipo de ve\u00edculo \u00e9 muita coisa! A m\u00e9dia do setor \u00e9 de 10%. A explica\u00e7\u00e3o por essa demanda por picapes (lembrando que s\u00e3o produtos car\u00edssimos) pode estar atrelada ao tipo de terreno da regi\u00e3o, que necessita um ve\u00edculo mais \u201cparrudo\u201d, al\u00e9m da quest\u00e3o da diferencia\u00e7\u00e3o tarif\u00e1ria dos ve\u00edculos que s\u00e3o vendidos l\u00e1 na Zona Franca.<\/span><\/p>\n<p><span style=\"font-weight: 400;\">Por fim, por mais que seja cantado aos quatro ventos que a gloriosa picape pequena da Fiat, a Strada, seja o carro mais vendido no Brasil, isso s\u00f3 \u00e9 a verdade para apenas 11 estados.<\/span><\/p>\n<p><span style=\"font-weight: 400;\">Quando abrimos qual \u00e9 o carro mais vendido por unidade federativa, verificamos que o gosto do consumidor brasileiro oscila enormemente!<\/span><\/p>\n<p><span style=\"font-weight: 400;\">Existem hoje oito ve\u00edculos que encabe\u00e7am a lideran\u00e7a nos estados, com uma grande vari\u00e2ncia do gosto.<\/span><\/p>\n<p><a href=\"https:\/\/www.dbk.net.br\/wp-content\/uploads\/2022\/06\/grafico-3.png\"><img loading=\"lazy\" decoding=\"async\" class=\"aligncenter wp-image-965 size-full\" src=\"https:\/\/www.dbk.net.br\/wp-content\/uploads\/2022\/06\/grafico-3.png\" alt=\"\" width=\"1349\" height=\"1405\" srcset=\"https:\/\/www.dbk.net.br\/wp-content\/uploads\/2022\/06\/grafico-3.png 1349w, https:\/\/www.dbk.net.br\/wp-content\/uploads\/2022\/06\/grafico-3-288x300.png 288w, https:\/\/www.dbk.net.br\/wp-content\/uploads\/2022\/06\/grafico-3-983x1024.png 983w, https:\/\/www.dbk.net.br\/wp-content\/uploads\/2022\/06\/grafico-3-768x800.png 768w, https:\/\/www.dbk.net.br\/wp-content\/uploads\/2022\/06\/grafico-3-12x12.png 12w\" sizes=\"auto, (max-width: 1349px) 100vw, 1349px\" \/><\/a><\/p>\n<p>&nbsp;<\/p>\n<p><span style=\"font-weight: 400;\">Sim, o Strada da Fiat \u00e9 o carro mais vendido no Brasil e em 11 estados da federa\u00e7\u00e3o. O ponto interessante de notarmos \u00e9 que a Strada possui 6% de share. Mas, em Rond\u00f4nia, esse percentual salta para 14,5%.<\/span><\/p>\n<p><span style=\"font-weight: 400;\">O segundo carro mais vendido do Brasil (Hyundai\/HB20) s\u00f3 aparece como l\u00edder de vendas no estado de S\u00e3o Paulo.<\/span><\/p>\n<p><span style=\"font-weight: 400;\">J\u00e1 o GM\/Onix, terceiro carro mais vendido no Brasil, \u00e9 o nosso l\u00edder de vendas em sete estados. S\u00e3o cinco estados da regi\u00e3o Nordeste e dois da regi\u00e3o Norte.<\/span><\/p>\n<p><span style=\"font-weight: 400;\">A grande surpresa para n\u00f3s foi a Toyota Hilux aparecer como o carro mais vendido em tr\u00eas estados (Par\u00e1, Tocantins e Mato Grosso do Sul). No computo geral, a Hilux \u00e9 apenas o 15\u00ba carro mais vendido, mas lidera (com folga) nesses tr\u00eas Estados. A Hilux possui um share de 2,6%. Mas, no Tocantins, possui um share de quase 10% (quatro vezes mais), de 7,9% no Par\u00e1 e 7,3% no Mato Grosso do Sul (tr\u00eas vezes mais). S\u00e3o os agroboys \u201ctacando o louco\u201d l\u00e1 na regi\u00e3o!<\/span><\/p>\n<p><span style=\"font-weight: 400;\">O VW\/T-Cross (que \u00e9 o SUV mais vendido e o quinto carro no computo geral) aparece como sendo o carro preferido do pessoal de Santa Catarina e Distrito Federal (regi\u00f5es com alto poder econ\u00f4mico).<\/span><\/p>\n<p><span style=\"font-weight: 400;\">Por fim, temos a Fiat, colocando outro carro no topo da lista com o seu Mobi l\u00e1 em Minas Gerais (olha as locadoras a\u00ed). A Hyundai tamb\u00e9m conseguiu colocar outro carro como o mais vendido l\u00e1 no Rio de Janeiro com o seu SUV Creta (7\u00ba carro mais vendido nacionalmente). E, por \u00faltimo, mas n\u00e3o menos importante, a GM tamb\u00e9m colocou no p\u00f3dio como mais vendido mais um carro! Estamos falando do seu SUV Tracker. Que \u00e9 o carro mais vendido no Rio Grande do Sul \u2013 e o nono nacionalmente.<\/span><\/p>\n<p>&nbsp;<\/p>\n<p><span style=\"font-weight: 400;\">Fonte: <\/span><a href=\"https:\/\/www.infomoney.com.br\/colunistas\/o-mundo-sobre-muitas-rodas\/os-varios-brasis-dentro-do-brasil\/\"><span style=\"font-weight: 400;\">https:\/\/www.infomoney.com.br\/colunistas\/o-mundo-sobre-muitas-rodas\/os-varios-brasis-dentro-do-brasil\/<\/span><\/a><\/p>","protected":false},"excerpt":{"rendered":"<p>Quando falamos do mercado automotivo brasileiro, independentemente do setor, sempre temos que ter em mente que existem v\u00e1rios \u201cbrasis\u201d dentro do Brasil. Num pa\u00eds continental como o nosso, n\u00e3o temos aquela verdade absoluta.\u00a0 As vendas de ve\u00edculos neste ano registram retra\u00e7\u00e3o de 18,5% sobre o ano passado. Mas o ponto \u201cinteressante\u201d \u00e9 que existe uma [&hellip;]<\/p>","protected":false},"author":3,"featured_media":881,"comment_status":"open","ping_status":"open","sticky":false,"template":"","format":"standard","meta":{"_acf_changed":false,"footnotes":""},"categories":[2],"tags":[],"class_list":["post-877","post","type-post","status-publish","format-standard","has-post-thumbnail","hentry","category-blog"],"acf":[],"yoast_head":"<!-- This site is optimized with the Yoast SEO plugin v26.6 - https:\/\/yoast.com\/wordpress\/plugins\/seo\/ -->\n<title>Os v\u00e1rios \u201cBrasis\u201d dentro do Brasil - DBK<\/title>\n<meta name=\"robots\" content=\"index, follow, max-snippet:-1, max-image-preview:large, max-video-preview:-1\" \/>\n<link rel=\"canonical\" href=\"https:\/\/www.dbk.net.br\/en\/blog\/os-varios-brasis-dentro-do-brasil\/\" \/>\n<meta property=\"og:locale\" content=\"en_US\" \/>\n<meta property=\"og:type\" content=\"article\" \/>\n<meta property=\"og:title\" content=\"Os v\u00e1rios \u201cBrasis\u201d dentro do Brasil - DBK\" \/>\n<meta property=\"og:description\" content=\"Quando falamos do mercado automotivo brasileiro, independentemente do setor, sempre temos que ter em mente que existem v\u00e1rios \u201cbrasis\u201d dentro do Brasil. Num pa\u00eds continental como o nosso, n\u00e3o temos aquela verdade absoluta.\u00a0 As vendas de ve\u00edculos neste ano registram retra\u00e7\u00e3o de 18,5% sobre o ano passado. Mas o ponto \u201cinteressante\u201d \u00e9 que existe uma [&hellip;]\" \/>\n<meta property=\"og:url\" content=\"https:\/\/www.dbk.net.br\/en\/blog\/os-varios-brasis-dentro-do-brasil\/\" \/>\n<meta property=\"og:site_name\" content=\"DBK\" \/>\n<meta property=\"article:published_time\" content=\"2022-06-07T20:47:33+00:00\" \/>\n<meta property=\"article:modified_time\" content=\"2022-06-25T15:27:38+00:00\" \/>\n<meta property=\"og:image\" content=\"https:\/\/www.dbk.net.br\/wp-content\/uploads\/2022\/06\/localizacao-do-brasil.jpeg\" \/>\n\t<meta property=\"og:image:width\" content=\"2121\" \/>\n\t<meta property=\"og:image:height\" content=\"1414\" \/>\n\t<meta property=\"og:image:type\" content=\"image\/jpeg\" \/>\n<meta name=\"author\" content=\"Carlos Belo\" \/>\n<meta name=\"twitter:card\" content=\"summary_large_image\" \/>\n<meta name=\"twitter:label1\" content=\"Written by\" \/>\n\t<meta name=\"twitter:data1\" content=\"Carlos Belo\" \/>\n\t<meta name=\"twitter:label2\" content=\"Est. reading time\" \/>\n\t<meta name=\"twitter:data2\" content=\"5 minutes\" \/>\n<script type=\"application\/ld+json\" class=\"yoast-schema-graph\">{\"@context\":\"https:\/\/schema.org\",\"@graph\":[{\"@type\":\"WebPage\",\"@id\":\"https:\/\/www.dbk.net.br\/blog\/os-varios-brasis-dentro-do-brasil\/\",\"url\":\"https:\/\/www.dbk.net.br\/blog\/os-varios-brasis-dentro-do-brasil\/\",\"name\":\"Os v\u00e1rios \u201cBrasis\u201d dentro do Brasil - DBK\",\"isPartOf\":{\"@id\":\"https:\/\/www.dbk.net.br\/#website\"},\"primaryImageOfPage\":{\"@id\":\"https:\/\/www.dbk.net.br\/blog\/os-varios-brasis-dentro-do-brasil\/#primaryimage\"},\"image\":{\"@id\":\"https:\/\/www.dbk.net.br\/blog\/os-varios-brasis-dentro-do-brasil\/#primaryimage\"},\"thumbnailUrl\":\"https:\/\/www.dbk.net.br\/wp-content\/uploads\/2022\/06\/localizacao-do-brasil.jpeg\",\"datePublished\":\"2022-06-07T20:47:33+00:00\",\"dateModified\":\"2022-06-25T15:27:38+00:00\",\"author\":{\"@id\":\"https:\/\/www.dbk.net.br\/#\/schema\/person\/e51c9e482ac75b03fe863f0b7f2f3598\"},\"breadcrumb\":{\"@id\":\"https:\/\/www.dbk.net.br\/blog\/os-varios-brasis-dentro-do-brasil\/#breadcrumb\"},\"inLanguage\":\"en-US\",\"potentialAction\":[{\"@type\":\"ReadAction\",\"target\":[\"https:\/\/www.dbk.net.br\/blog\/os-varios-brasis-dentro-do-brasil\/\"]}]},{\"@type\":\"ImageObject\",\"inLanguage\":\"en-US\",\"@id\":\"https:\/\/www.dbk.net.br\/blog\/os-varios-brasis-dentro-do-brasil\/#primaryimage\",\"url\":\"https:\/\/www.dbk.net.br\/wp-content\/uploads\/2022\/06\/localizacao-do-brasil.jpeg\",\"contentUrl\":\"https:\/\/www.dbk.net.br\/wp-content\/uploads\/2022\/06\/localizacao-do-brasil.jpeg\",\"width\":2121,\"height\":1414,\"caption\":\"Pushpin pointing Brasilia in cheap plastic globe. Shallow depth of field\"},{\"@type\":\"BreadcrumbList\",\"@id\":\"https:\/\/www.dbk.net.br\/blog\/os-varios-brasis-dentro-do-brasil\/#breadcrumb\",\"itemListElement\":[{\"@type\":\"ListItem\",\"position\":1,\"name\":\"In\u00edcio\",\"item\":\"https:\/\/www.dbk.net.br\/\"},{\"@type\":\"ListItem\",\"position\":2,\"name\":\"Os v\u00e1rios \u201cBrasis\u201d dentro do Brasil\"}]},{\"@type\":\"WebSite\",\"@id\":\"https:\/\/www.dbk.net.br\/#website\",\"url\":\"https:\/\/www.dbk.net.br\/\",\"name\":\"DBK\",\"description\":\"Dealership Brokers\",\"potentialAction\":[{\"@type\":\"SearchAction\",\"target\":{\"@type\":\"EntryPoint\",\"urlTemplate\":\"https:\/\/www.dbk.net.br\/?s={search_term_string}\"},\"query-input\":{\"@type\":\"PropertyValueSpecification\",\"valueRequired\":true,\"valueName\":\"search_term_string\"}}],\"inLanguage\":\"en-US\"},{\"@type\":\"Person\",\"@id\":\"https:\/\/www.dbk.net.br\/#\/schema\/person\/e51c9e482ac75b03fe863f0b7f2f3598\",\"name\":\"Carlos Belo\",\"image\":{\"@type\":\"ImageObject\",\"inLanguage\":\"en-US\",\"@id\":\"https:\/\/www.dbk.net.br\/#\/schema\/person\/image\/\",\"url\":\"https:\/\/secure.gravatar.com\/avatar\/0b55ea10d2f125cfb150163528af65026a5d4e3808eb0005755cc6a26f3b2e75?s=96&d=mm&r=g\",\"contentUrl\":\"https:\/\/secure.gravatar.com\/avatar\/0b55ea10d2f125cfb150163528af65026a5d4e3808eb0005755cc6a26f3b2e75?s=96&d=mm&r=g\",\"caption\":\"Carlos Belo\"},\"sameAs\":[\"http:\/\/ncoisas.digital\"],\"url\":\"https:\/\/www.dbk.net.br\/en\/author\/carlos-belo\/\"}]}<\/script>\n<!-- \/ Yoast SEO plugin. -->","yoast_head_json":{"title":"Os v\u00e1rios \u201cBrasis\u201d dentro do Brasil - DBK","robots":{"index":"index","follow":"follow","max-snippet":"max-snippet:-1","max-image-preview":"max-image-preview:large","max-video-preview":"max-video-preview:-1"},"canonical":"https:\/\/www.dbk.net.br\/en\/blog\/os-varios-brasis-dentro-do-brasil\/","og_locale":"en_US","og_type":"article","og_title":"Os v\u00e1rios \u201cBrasis\u201d dentro do Brasil - DBK","og_description":"Quando falamos do mercado automotivo brasileiro, independentemente do setor, sempre temos que ter em mente que existem v\u00e1rios \u201cbrasis\u201d dentro do Brasil. Num pa\u00eds continental como o nosso, n\u00e3o temos aquela verdade absoluta.\u00a0 As vendas de ve\u00edculos neste ano registram retra\u00e7\u00e3o de 18,5% sobre o ano passado. Mas o ponto \u201cinteressante\u201d \u00e9 que existe uma [&hellip;]","og_url":"https:\/\/www.dbk.net.br\/en\/blog\/os-varios-brasis-dentro-do-brasil\/","og_site_name":"DBK","article_published_time":"2022-06-07T20:47:33+00:00","article_modified_time":"2022-06-25T15:27:38+00:00","og_image":[{"width":2121,"height":1414,"url":"https:\/\/www.dbk.net.br\/wp-content\/uploads\/2022\/06\/localizacao-do-brasil.jpeg","type":"image\/jpeg"}],"author":"Carlos Belo","twitter_card":"summary_large_image","twitter_misc":{"Written by":"Carlos Belo","Est. reading time":"5 minutes"},"schema":{"@context":"https:\/\/schema.org","@graph":[{"@type":"WebPage","@id":"https:\/\/www.dbk.net.br\/blog\/os-varios-brasis-dentro-do-brasil\/","url":"https:\/\/www.dbk.net.br\/blog\/os-varios-brasis-dentro-do-brasil\/","name":"Os v\u00e1rios \u201cBrasis\u201d dentro do Brasil - DBK","isPartOf":{"@id":"https:\/\/www.dbk.net.br\/#website"},"primaryImageOfPage":{"@id":"https:\/\/www.dbk.net.br\/blog\/os-varios-brasis-dentro-do-brasil\/#primaryimage"},"image":{"@id":"https:\/\/www.dbk.net.br\/blog\/os-varios-brasis-dentro-do-brasil\/#primaryimage"},"thumbnailUrl":"https:\/\/www.dbk.net.br\/wp-content\/uploads\/2022\/06\/localizacao-do-brasil.jpeg","datePublished":"2022-06-07T20:47:33+00:00","dateModified":"2022-06-25T15:27:38+00:00","author":{"@id":"https:\/\/www.dbk.net.br\/#\/schema\/person\/e51c9e482ac75b03fe863f0b7f2f3598"},"breadcrumb":{"@id":"https:\/\/www.dbk.net.br\/blog\/os-varios-brasis-dentro-do-brasil\/#breadcrumb"},"inLanguage":"en-US","potentialAction":[{"@type":"ReadAction","target":["https:\/\/www.dbk.net.br\/blog\/os-varios-brasis-dentro-do-brasil\/"]}]},{"@type":"ImageObject","inLanguage":"en-US","@id":"https:\/\/www.dbk.net.br\/blog\/os-varios-brasis-dentro-do-brasil\/#primaryimage","url":"https:\/\/www.dbk.net.br\/wp-content\/uploads\/2022\/06\/localizacao-do-brasil.jpeg","contentUrl":"https:\/\/www.dbk.net.br\/wp-content\/uploads\/2022\/06\/localizacao-do-brasil.jpeg","width":2121,"height":1414,"caption":"Pushpin pointing Brasilia in cheap plastic globe. Shallow depth of field"},{"@type":"BreadcrumbList","@id":"https:\/\/www.dbk.net.br\/blog\/os-varios-brasis-dentro-do-brasil\/#breadcrumb","itemListElement":[{"@type":"ListItem","position":1,"name":"In\u00edcio","item":"https:\/\/www.dbk.net.br\/"},{"@type":"ListItem","position":2,"name":"Os v\u00e1rios \u201cBrasis\u201d dentro do Brasil"}]},{"@type":"WebSite","@id":"https:\/\/www.dbk.net.br\/#website","url":"https:\/\/www.dbk.net.br\/","name":"DBK","description":"Dealership Brokers","potentialAction":[{"@type":"SearchAction","target":{"@type":"EntryPoint","urlTemplate":"https:\/\/www.dbk.net.br\/?s={search_term_string}"},"query-input":{"@type":"PropertyValueSpecification","valueRequired":true,"valueName":"search_term_string"}}],"inLanguage":"en-US"},{"@type":"Person","@id":"https:\/\/www.dbk.net.br\/#\/schema\/person\/e51c9e482ac75b03fe863f0b7f2f3598","name":"Carlos Belo","image":{"@type":"ImageObject","inLanguage":"en-US","@id":"https:\/\/www.dbk.net.br\/#\/schema\/person\/image\/","url":"https:\/\/secure.gravatar.com\/avatar\/0b55ea10d2f125cfb150163528af65026a5d4e3808eb0005755cc6a26f3b2e75?s=96&d=mm&r=g","contentUrl":"https:\/\/secure.gravatar.com\/avatar\/0b55ea10d2f125cfb150163528af65026a5d4e3808eb0005755cc6a26f3b2e75?s=96&d=mm&r=g","caption":"Carlos Belo"},"sameAs":["http:\/\/ncoisas.digital"],"url":"https:\/\/www.dbk.net.br\/en\/author\/carlos-belo\/"}]}},"_links":{"self":[{"href":"https:\/\/www.dbk.net.br\/en\/wp-json\/wp\/v2\/posts\/877","targetHints":{"allow":["GET"]}}],"collection":[{"href":"https:\/\/www.dbk.net.br\/en\/wp-json\/wp\/v2\/posts"}],"about":[{"href":"https:\/\/www.dbk.net.br\/en\/wp-json\/wp\/v2\/types\/post"}],"author":[{"embeddable":true,"href":"https:\/\/www.dbk.net.br\/en\/wp-json\/wp\/v2\/users\/3"}],"replies":[{"embeddable":true,"href":"https:\/\/www.dbk.net.br\/en\/wp-json\/wp\/v2\/comments?post=877"}],"version-history":[{"count":23,"href":"https:\/\/www.dbk.net.br\/en\/wp-json\/wp\/v2\/posts\/877\/revisions"}],"predecessor-version":[{"id":938,"href":"https:\/\/www.dbk.net.br\/en\/wp-json\/wp\/v2\/posts\/877\/revisions\/938"}],"wp:featuredmedia":[{"embeddable":true,"href":"https:\/\/www.dbk.net.br\/en\/wp-json\/wp\/v2\/media\/881"}],"wp:attachment":[{"href":"https:\/\/www.dbk.net.br\/en\/wp-json\/wp\/v2\/media?parent=877"}],"wp:term":[{"taxonomy":"category","embeddable":true,"href":"https:\/\/www.dbk.net.br\/en\/wp-json\/wp\/v2\/categories?post=877"},{"taxonomy":"post_tag","embeddable":true,"href":"https:\/\/www.dbk.net.br\/en\/wp-json\/wp\/v2\/tags?post=877"}],"curies":[{"name":"wp","href":"https:\/\/api.w.org\/{rel}","templated":true}]}}