
{"id":759,"date":"2022-04-06T14:42:16","date_gmt":"2022-04-06T17:42:16","guid":{"rendered":"https:\/\/www.dbk.net.br\/?p=759"},"modified":"2022-04-06T14:42:16","modified_gmt":"2022-04-06T17:42:16","slug":"marco-tem-alta-nos-emplacamentos-de-veiculos","status":"publish","type":"post","link":"https:\/\/www.dbk.net.br\/en\/blog\/marco-tem-alta-nos-emplacamentos-de-veiculos\/","title":{"rendered":"Mar\u00e7o tem alta nos emplacamentos de ve\u00edculos"},"content":{"rendered":"<p><span style=\"font-weight: 400;\">De acordo com dados da FENABRAVE \u2013 Federa\u00e7\u00e3o Nacional da Distribui\u00e7\u00e3o de Ve\u00edculos Automotores, os emplacamentos de ve\u00edculos, impulsionados pelo segmento de duas rodas e pesados, <span style=\"text-decoration: underline;\">cresceram 23,2%<\/span> sobre fevereiro e 1,4% sobre mar\u00e7o de 2021. J\u00e1 no acumulado do 1\u00ba trimestre, houve queda de 7,6% sobre o mesmo per\u00edodo do ano passado.<\/span><\/p>\n<p><span style=\"font-weight: 400;\">Para Jos\u00e9 Maur\u00edcio Andreta Jr., Presidente da FENABRAVE, o desempenho no trimestre \u00e9 reflexo de um conjunto de fatores, nacionais e globais.<\/span><\/p>\n<blockquote><p><span style=\"font-weight: 400;\">\u00a0<\/span><i><span style=\"font-weight: 400;\">\u201cA variante \u00d4micron afetou a produ\u00e7\u00e3o de diversos componentes industriais e a venda de ve\u00edculos, no in\u00edcio do ano. Em seguida, houve o conflito entre R\u00fassia e Ucr\u00e2nia, que deixou muitos consumidores preocupados, especialmente, com os pre\u00e7os dos combust\u00edveis\u201d<\/span><\/i><span style=\"font-weight: 400;\">, afirma.<\/span><\/p><\/blockquote>\n<p><span style=\"font-weight: 400;\">Segundo estudo realizado pela assessoria econ\u00f4mica da FENABRAVE, o pre\u00e7o do petr\u00f3leo subiu 34,8% no mercado internacional, enquanto o Real valorizou 16%. Isso implica em um aumento de 13% no valor repassado \u00e0s distribuidoras. A varia\u00e7\u00e3o percentual da gasolina, no ano, foi de 24,7%, no pre\u00e7o da Petrobras para as distribuidoras. <\/span><i><span style=\"font-weight: 400;\">\u201cEsta eleva\u00e7\u00e3o impacta na decis\u00e3o de compra dos consumidores de ve\u00edculos e reflete no desempenho do nosso Setor\u201d,\u00a0<\/span><\/i><span style=\"font-weight: 400;\">esclarece Andreta Jr.<\/span><\/p>\n<p><b>Redu\u00e7\u00e3o de IPI e lan\u00e7amento do Programa Renovar<\/b><\/p>\n<p><span style=\"font-weight: 400;\">As boas not\u00edcias ficam por conta da recente\u00a0<\/span><b>Redu\u00e7\u00e3o do IPI \u2013 Imposto sobre Produtos Industrializados<\/b><span style=\"font-weight: 400;\">\u00a0e a cria\u00e7\u00e3o do\u00a0<\/span><b>Renovar \u2013 Programa de Aumento da Produtividade da Frota Rodovi\u00e1ria no Pa\u00eds<\/b><span style=\"font-weight: 400;\">, estabelecido pela Medida Provis\u00f3ria 1.112, de 31 de mar\u00e7o de 2022. <\/span><\/p>\n<blockquote><p><span style=\"font-weight: 400;\">\u201c<\/span><i><span style=\"font-weight: 400;\">A desonera\u00e7\u00e3o do IPI era necess\u00e1ria e foi muito bem-vinda ao Setor. J\u00e1 o Renovar \u00e9 um programa que levar\u00e1 mais seguran\u00e7a \u00e0s vias brasileiras, pois tem como meta tirar de circula\u00e7\u00e3o ve\u00edculos em fim de vida \u00fatil, ou seja, aqueles com mais de 30 anos que, hoje, representam 26% da frota total de caminh\u00f5es no Brasil\u201d,\u00a0<\/span><\/i><span style=\"font-weight: 400;\">explica Andreta Jr.<\/span><\/p><\/blockquote>\n<p><span style=\"font-weight: 400;\">Confira os n\u00fameros de emplacamentos e avalia\u00e7\u00e3o por segmento em: <a href=\"http:\/\/www.fenabrave.org.br\/portalv2\/Noticia\/17393\">http:\/\/www.fenabrave.org.br\/portalv2\/Noticia\/17393\u00a0<\/a><\/span><\/p>","protected":false},"excerpt":{"rendered":"<p>De acordo com dados da FENABRAVE \u2013 Federa\u00e7\u00e3o Nacional da Distribui\u00e7\u00e3o de Ve\u00edculos Automotores, os emplacamentos de ve\u00edculos, impulsionados pelo segmento de duas rodas e pesados, cresceram 23,2% sobre fevereiro e 1,4% sobre mar\u00e7o de 2021. J\u00e1 no acumulado do 1\u00ba trimestre, houve queda de 7,6% sobre o mesmo per\u00edodo do ano passado. Para Jos\u00e9 [&hellip;]<\/p>","protected":false},"author":3,"featured_media":760,"comment_status":"open","ping_status":"open","sticky":false,"template":"","format":"standard","meta":{"_acf_changed":false,"footnotes":""},"categories":[2],"tags":[],"class_list":["post-759","post","type-post","status-publish","format-standard","has-post-thumbnail","hentry","category-blog"],"acf":[],"yoast_head":"<!-- This site is optimized with the Yoast SEO plugin v26.6 - https:\/\/yoast.com\/wordpress\/plugins\/seo\/ -->\n<title>Mar\u00e7o tem alta nos emplacamentos de ve\u00edculos - DBK<\/title>\n<meta name=\"robots\" content=\"index, follow, max-snippet:-1, max-image-preview:large, max-video-preview:-1\" \/>\n<link rel=\"canonical\" href=\"https:\/\/www.dbk.net.br\/en\/blog\/marco-tem-alta-nos-emplacamentos-de-veiculos\/\" \/>\n<meta property=\"og:locale\" content=\"en_US\" \/>\n<meta property=\"og:type\" content=\"article\" \/>\n<meta property=\"og:title\" content=\"Mar\u00e7o tem alta nos emplacamentos de ve\u00edculos - DBK\" \/>\n<meta property=\"og:description\" content=\"De acordo com dados da FENABRAVE \u2013 Federa\u00e7\u00e3o Nacional da Distribui\u00e7\u00e3o de Ve\u00edculos Automotores, os emplacamentos de ve\u00edculos, impulsionados pelo segmento de duas rodas e pesados, cresceram 23,2% sobre fevereiro e 1,4% sobre mar\u00e7o de 2021. J\u00e1 no acumulado do 1\u00ba trimestre, houve queda de 7,6% sobre o mesmo per\u00edodo do ano passado. Para Jos\u00e9 [&hellip;]\" \/>\n<meta property=\"og:url\" content=\"https:\/\/www.dbk.net.br\/en\/blog\/marco-tem-alta-nos-emplacamentos-de-veiculos\/\" \/>\n<meta property=\"og:site_name\" content=\"DBK\" \/>\n<meta property=\"article:published_time\" content=\"2022-04-06T17:42:16+00:00\" \/>\n<meta property=\"og:image\" content=\"https:\/\/www.dbk.net.br\/wp-content\/uploads\/2022\/04\/emplacamentos.jpeg\" \/>\n\t<meta property=\"og:image:width\" content=\"295\" \/>\n\t<meta property=\"og:image:height\" content=\"171\" \/>\n\t<meta property=\"og:image:type\" content=\"image\/jpeg\" \/>\n<meta name=\"author\" content=\"Carlos Belo\" \/>\n<meta name=\"twitter:card\" content=\"summary_large_image\" \/>\n<meta name=\"twitter:label1\" content=\"Written by\" \/>\n\t<meta name=\"twitter:data1\" content=\"Carlos Belo\" \/>\n\t<meta name=\"twitter:label2\" content=\"Est. reading time\" \/>\n\t<meta name=\"twitter:data2\" content=\"2 minutes\" \/>\n<script type=\"application\/ld+json\" class=\"yoast-schema-graph\">{\"@context\":\"https:\/\/schema.org\",\"@graph\":[{\"@type\":\"WebPage\",\"@id\":\"https:\/\/www.dbk.net.br\/blog\/marco-tem-alta-nos-emplacamentos-de-veiculos\/\",\"url\":\"https:\/\/www.dbk.net.br\/blog\/marco-tem-alta-nos-emplacamentos-de-veiculos\/\",\"name\":\"Mar\u00e7o tem alta nos emplacamentos de ve\u00edculos - DBK\",\"isPartOf\":{\"@id\":\"https:\/\/www.dbk.net.br\/#website\"},\"primaryImageOfPage\":{\"@id\":\"https:\/\/www.dbk.net.br\/blog\/marco-tem-alta-nos-emplacamentos-de-veiculos\/#primaryimage\"},\"image\":{\"@id\":\"https:\/\/www.dbk.net.br\/blog\/marco-tem-alta-nos-emplacamentos-de-veiculos\/#primaryimage\"},\"thumbnailUrl\":\"https:\/\/www.dbk.net.br\/wp-content\/uploads\/2022\/04\/emplacamentos.jpeg\",\"datePublished\":\"2022-04-06T17:42:16+00:00\",\"author\":{\"@id\":\"https:\/\/www.dbk.net.br\/#\/schema\/person\/e51c9e482ac75b03fe863f0b7f2f3598\"},\"breadcrumb\":{\"@id\":\"https:\/\/www.dbk.net.br\/blog\/marco-tem-alta-nos-emplacamentos-de-veiculos\/#breadcrumb\"},\"inLanguage\":\"en-US\",\"potentialAction\":[{\"@type\":\"ReadAction\",\"target\":[\"https:\/\/www.dbk.net.br\/blog\/marco-tem-alta-nos-emplacamentos-de-veiculos\/\"]}]},{\"@type\":\"ImageObject\",\"inLanguage\":\"en-US\",\"@id\":\"https:\/\/www.dbk.net.br\/blog\/marco-tem-alta-nos-emplacamentos-de-veiculos\/#primaryimage\",\"url\":\"https:\/\/www.dbk.net.br\/wp-content\/uploads\/2022\/04\/emplacamentos.jpeg\",\"contentUrl\":\"https:\/\/www.dbk.net.br\/wp-content\/uploads\/2022\/04\/emplacamentos.jpeg\",\"width\":295,\"height\":171},{\"@type\":\"BreadcrumbList\",\"@id\":\"https:\/\/www.dbk.net.br\/blog\/marco-tem-alta-nos-emplacamentos-de-veiculos\/#breadcrumb\",\"itemListElement\":[{\"@type\":\"ListItem\",\"position\":1,\"name\":\"In\u00edcio\",\"item\":\"https:\/\/www.dbk.net.br\/\"},{\"@type\":\"ListItem\",\"position\":2,\"name\":\"Mar\u00e7o tem alta nos emplacamentos de ve\u00edculos\"}]},{\"@type\":\"WebSite\",\"@id\":\"https:\/\/www.dbk.net.br\/#website\",\"url\":\"https:\/\/www.dbk.net.br\/\",\"name\":\"DBK\",\"description\":\"Dealership Brokers\",\"potentialAction\":[{\"@type\":\"SearchAction\",\"target\":{\"@type\":\"EntryPoint\",\"urlTemplate\":\"https:\/\/www.dbk.net.br\/?s={search_term_string}\"},\"query-input\":{\"@type\":\"PropertyValueSpecification\",\"valueRequired\":true,\"valueName\":\"search_term_string\"}}],\"inLanguage\":\"en-US\"},{\"@type\":\"Person\",\"@id\":\"https:\/\/www.dbk.net.br\/#\/schema\/person\/e51c9e482ac75b03fe863f0b7f2f3598\",\"name\":\"Carlos Belo\",\"image\":{\"@type\":\"ImageObject\",\"inLanguage\":\"en-US\",\"@id\":\"https:\/\/www.dbk.net.br\/#\/schema\/person\/image\/\",\"url\":\"https:\/\/secure.gravatar.com\/avatar\/0b55ea10d2f125cfb150163528af65026a5d4e3808eb0005755cc6a26f3b2e75?s=96&d=mm&r=g\",\"contentUrl\":\"https:\/\/secure.gravatar.com\/avatar\/0b55ea10d2f125cfb150163528af65026a5d4e3808eb0005755cc6a26f3b2e75?s=96&d=mm&r=g\",\"caption\":\"Carlos Belo\"},\"sameAs\":[\"http:\/\/ncoisas.digital\"],\"url\":\"https:\/\/www.dbk.net.br\/en\/author\/carlos-belo\/\"}]}<\/script>\n<!-- \/ Yoast SEO plugin. -->","yoast_head_json":{"title":"Mar\u00e7o tem alta nos emplacamentos de ve\u00edculos - DBK","robots":{"index":"index","follow":"follow","max-snippet":"max-snippet:-1","max-image-preview":"max-image-preview:large","max-video-preview":"max-video-preview:-1"},"canonical":"https:\/\/www.dbk.net.br\/en\/blog\/marco-tem-alta-nos-emplacamentos-de-veiculos\/","og_locale":"en_US","og_type":"article","og_title":"Mar\u00e7o tem alta nos emplacamentos de ve\u00edculos - DBK","og_description":"De acordo com dados da FENABRAVE \u2013 Federa\u00e7\u00e3o Nacional da Distribui\u00e7\u00e3o de Ve\u00edculos Automotores, os emplacamentos de ve\u00edculos, impulsionados pelo segmento de duas rodas e pesados, cresceram 23,2% sobre fevereiro e 1,4% sobre mar\u00e7o de 2021. J\u00e1 no acumulado do 1\u00ba trimestre, houve queda de 7,6% sobre o mesmo per\u00edodo do ano passado. Para Jos\u00e9 [&hellip;]","og_url":"https:\/\/www.dbk.net.br\/en\/blog\/marco-tem-alta-nos-emplacamentos-de-veiculos\/","og_site_name":"DBK","article_published_time":"2022-04-06T17:42:16+00:00","og_image":[{"width":295,"height":171,"url":"https:\/\/www.dbk.net.br\/wp-content\/uploads\/2022\/04\/emplacamentos.jpeg","type":"image\/jpeg"}],"author":"Carlos Belo","twitter_card":"summary_large_image","twitter_misc":{"Written by":"Carlos Belo","Est. reading time":"2 minutes"},"schema":{"@context":"https:\/\/schema.org","@graph":[{"@type":"WebPage","@id":"https:\/\/www.dbk.net.br\/blog\/marco-tem-alta-nos-emplacamentos-de-veiculos\/","url":"https:\/\/www.dbk.net.br\/blog\/marco-tem-alta-nos-emplacamentos-de-veiculos\/","name":"Mar\u00e7o tem alta nos emplacamentos de ve\u00edculos - DBK","isPartOf":{"@id":"https:\/\/www.dbk.net.br\/#website"},"primaryImageOfPage":{"@id":"https:\/\/www.dbk.net.br\/blog\/marco-tem-alta-nos-emplacamentos-de-veiculos\/#primaryimage"},"image":{"@id":"https:\/\/www.dbk.net.br\/blog\/marco-tem-alta-nos-emplacamentos-de-veiculos\/#primaryimage"},"thumbnailUrl":"https:\/\/www.dbk.net.br\/wp-content\/uploads\/2022\/04\/emplacamentos.jpeg","datePublished":"2022-04-06T17:42:16+00:00","author":{"@id":"https:\/\/www.dbk.net.br\/#\/schema\/person\/e51c9e482ac75b03fe863f0b7f2f3598"},"breadcrumb":{"@id":"https:\/\/www.dbk.net.br\/blog\/marco-tem-alta-nos-emplacamentos-de-veiculos\/#breadcrumb"},"inLanguage":"en-US","potentialAction":[{"@type":"ReadAction","target":["https:\/\/www.dbk.net.br\/blog\/marco-tem-alta-nos-emplacamentos-de-veiculos\/"]}]},{"@type":"ImageObject","inLanguage":"en-US","@id":"https:\/\/www.dbk.net.br\/blog\/marco-tem-alta-nos-emplacamentos-de-veiculos\/#primaryimage","url":"https:\/\/www.dbk.net.br\/wp-content\/uploads\/2022\/04\/emplacamentos.jpeg","contentUrl":"https:\/\/www.dbk.net.br\/wp-content\/uploads\/2022\/04\/emplacamentos.jpeg","width":295,"height":171},{"@type":"BreadcrumbList","@id":"https:\/\/www.dbk.net.br\/blog\/marco-tem-alta-nos-emplacamentos-de-veiculos\/#breadcrumb","itemListElement":[{"@type":"ListItem","position":1,"name":"In\u00edcio","item":"https:\/\/www.dbk.net.br\/"},{"@type":"ListItem","position":2,"name":"Mar\u00e7o tem alta nos emplacamentos de ve\u00edculos"}]},{"@type":"WebSite","@id":"https:\/\/www.dbk.net.br\/#website","url":"https:\/\/www.dbk.net.br\/","name":"DBK","description":"Dealership Brokers","potentialAction":[{"@type":"SearchAction","target":{"@type":"EntryPoint","urlTemplate":"https:\/\/www.dbk.net.br\/?s={search_term_string}"},"query-input":{"@type":"PropertyValueSpecification","valueRequired":true,"valueName":"search_term_string"}}],"inLanguage":"en-US"},{"@type":"Person","@id":"https:\/\/www.dbk.net.br\/#\/schema\/person\/e51c9e482ac75b03fe863f0b7f2f3598","name":"Carlos Belo","image":{"@type":"ImageObject","inLanguage":"en-US","@id":"https:\/\/www.dbk.net.br\/#\/schema\/person\/image\/","url":"https:\/\/secure.gravatar.com\/avatar\/0b55ea10d2f125cfb150163528af65026a5d4e3808eb0005755cc6a26f3b2e75?s=96&d=mm&r=g","contentUrl":"https:\/\/secure.gravatar.com\/avatar\/0b55ea10d2f125cfb150163528af65026a5d4e3808eb0005755cc6a26f3b2e75?s=96&d=mm&r=g","caption":"Carlos Belo"},"sameAs":["http:\/\/ncoisas.digital"],"url":"https:\/\/www.dbk.net.br\/en\/author\/carlos-belo\/"}]}},"_links":{"self":[{"href":"https:\/\/www.dbk.net.br\/en\/wp-json\/wp\/v2\/posts\/759","targetHints":{"allow":["GET"]}}],"collection":[{"href":"https:\/\/www.dbk.net.br\/en\/wp-json\/wp\/v2\/posts"}],"about":[{"href":"https:\/\/www.dbk.net.br\/en\/wp-json\/wp\/v2\/types\/post"}],"author":[{"embeddable":true,"href":"https:\/\/www.dbk.net.br\/en\/wp-json\/wp\/v2\/users\/3"}],"replies":[{"embeddable":true,"href":"https:\/\/www.dbk.net.br\/en\/wp-json\/wp\/v2\/comments?post=759"}],"version-history":[{"count":1,"href":"https:\/\/www.dbk.net.br\/en\/wp-json\/wp\/v2\/posts\/759\/revisions"}],"predecessor-version":[{"id":761,"href":"https:\/\/www.dbk.net.br\/en\/wp-json\/wp\/v2\/posts\/759\/revisions\/761"}],"wp:featuredmedia":[{"embeddable":true,"href":"https:\/\/www.dbk.net.br\/en\/wp-json\/wp\/v2\/media\/760"}],"wp:attachment":[{"href":"https:\/\/www.dbk.net.br\/en\/wp-json\/wp\/v2\/media?parent=759"}],"wp:term":[{"taxonomy":"category","embeddable":true,"href":"https:\/\/www.dbk.net.br\/en\/wp-json\/wp\/v2\/categories?post=759"},{"taxonomy":"post_tag","embeddable":true,"href":"https:\/\/www.dbk.net.br\/en\/wp-json\/wp\/v2\/tags?post=759"}],"curies":[{"name":"wp","href":"https:\/\/api.w.org\/{rel}","templated":true}]}}