
{"id":669,"date":"2022-03-10T08:52:49","date_gmt":"2022-03-10T11:52:49","guid":{"rendered":"https:\/\/www.dbk.net.br\/?p=669"},"modified":"2022-03-10T08:52:49","modified_gmt":"2022-03-10T11:52:49","slug":"sony-e-honda-anunciam-associacao-para-desenvolver-veiculos-eletricos","status":"publish","type":"post","link":"https:\/\/www.dbk.net.br\/en\/blog\/sony-e-honda-anunciam-associacao-para-desenvolver-veiculos-eletricos\/","title":{"rendered":"Sony e Honda anunciam associa\u00e7\u00e3o para desenvolver ve\u00edculos el\u00e9tricos"},"content":{"rendered":"<p><span style=\"font-weight: 400;\">A gigante da eletr\u00f4nica\u00a0<\/span><b>Sony<\/b><span style=\"font-weight: 400;\">\u00a0e a montadora\u00a0<\/span><b>Honda<\/b><span style=\"font-weight: 400;\">\u00a0anunciaram no dia 04 de mar\u00e7o a inten\u00e7\u00e3o de estabelecer uma &#8220;alian\u00e7a estrat\u00e9gica&#8221; para desenvolver e produzir ve\u00edculos el\u00e9tricos e comercializ\u00e1-los a partir de 2025.<\/span><\/p>\n<p><span style=\"font-weight: 400;\">Os dois grupos japoneses preveem fundar uma empresa conjunta este ano para desenvolver e vender &#8220;ve\u00edculos el\u00e9tricos com bateria de alto valor agregado&#8221;, al\u00e9m de fornecer servi\u00e7os de mobilidade, afirma um comunicado.<\/span><\/p>\n<p><span style=\"font-weight: 400;\">A montadora japonesa, uma das pioneiras dos ve\u00edculos movidos a c\u00e9lulas de combust\u00edvel, estabeleceu no ano passado a meta de 100% de vendas de carros el\u00e9tricos no mundo at\u00e9 2040. A empresa anunciou grandes investimentos em pesquisa e desenvolvimento nos pr\u00f3ximos seis anos.<\/span><\/p>\n<p><span style=\"font-weight: 400;\">A Sony apresentou em janeiro um novo prot\u00f3tipo de seu carro el\u00e9trico Vision S e anunciou a cria\u00e7\u00e3o de uma nova empresa para explorar o mercado.<\/span><\/p>\n<p><span style=\"font-weight: 400;\">Fonte: <\/span><a href=\"https:\/\/exame.com\/esg\/sony-e-honda-anunciam-associacao-para-desenvolver-veiculos-eletricos\/\"><span style=\"font-weight: 400;\">https:\/\/exame.com\/esg\/sony-e-honda-anunciam-associacao-para-desenvolver-veiculos-eletricos\/<\/span><\/a><\/p>","protected":false},"excerpt":{"rendered":"<p>A gigante da eletr\u00f4nica\u00a0Sony\u00a0e a montadora\u00a0Honda\u00a0anunciaram no dia 04 de mar\u00e7o a inten\u00e7\u00e3o de estabelecer uma &#8220;alian\u00e7a estrat\u00e9gica&#8221; para desenvolver e produzir ve\u00edculos el\u00e9tricos e comercializ\u00e1-los a partir de 2025. Os dois grupos japoneses preveem fundar uma empresa conjunta este ano para desenvolver e vender &#8220;ve\u00edculos el\u00e9tricos com bateria de alto valor agregado&#8221;, al\u00e9m de [&hellip;]<\/p>","protected":false},"author":3,"featured_media":670,"comment_status":"open","ping_status":"open","sticky":false,"template":"","format":"standard","meta":{"_acf_changed":false,"footnotes":""},"categories":[2],"tags":[],"class_list":["post-669","post","type-post","status-publish","format-standard","has-post-thumbnail","hentry","category-blog"],"acf":[],"yoast_head":"<!-- This site is optimized with the Yoast SEO plugin v26.6 - https:\/\/yoast.com\/wordpress\/plugins\/seo\/ -->\n<title>Sony e Honda anunciam associa\u00e7\u00e3o para desenvolver ve\u00edculos el\u00e9tricos - DBK<\/title>\n<meta name=\"robots\" content=\"index, follow, max-snippet:-1, max-image-preview:large, max-video-preview:-1\" \/>\n<link rel=\"canonical\" href=\"https:\/\/www.dbk.net.br\/en\/blog\/sony-e-honda-anunciam-associacao-para-desenvolver-veiculos-eletricos\/\" \/>\n<meta property=\"og:locale\" content=\"en_US\" \/>\n<meta property=\"og:type\" content=\"article\" \/>\n<meta property=\"og:title\" content=\"Sony e Honda anunciam associa\u00e7\u00e3o para desenvolver ve\u00edculos el\u00e9tricos - DBK\" \/>\n<meta property=\"og:description\" content=\"A gigante da eletr\u00f4nica\u00a0Sony\u00a0e a montadora\u00a0Honda\u00a0anunciaram no dia 04 de mar\u00e7o a inten\u00e7\u00e3o de estabelecer uma &#8220;alian\u00e7a estrat\u00e9gica&#8221; para desenvolver e produzir ve\u00edculos el\u00e9tricos e comercializ\u00e1-los a partir de 2025. Os dois grupos japoneses preveem fundar uma empresa conjunta este ano para desenvolver e vender &#8220;ve\u00edculos el\u00e9tricos com bateria de alto valor agregado&#8221;, al\u00e9m de [&hellip;]\" \/>\n<meta property=\"og:url\" content=\"https:\/\/www.dbk.net.br\/en\/blog\/sony-e-honda-anunciam-associacao-para-desenvolver-veiculos-eletricos\/\" \/>\n<meta property=\"og:site_name\" content=\"DBK\" \/>\n<meta property=\"article:published_time\" content=\"2022-03-10T11:52:49+00:00\" \/>\n<meta property=\"og:image\" content=\"https:\/\/www.dbk.net.br\/wp-content\/uploads\/2022\/03\/Carro-eletrico-honda.jpeg\" \/>\n\t<meta property=\"og:image:width\" content=\"1600\" \/>\n\t<meta property=\"og:image:height\" content=\"1050\" \/>\n\t<meta property=\"og:image:type\" content=\"image\/jpeg\" \/>\n<meta name=\"author\" content=\"Carlos Belo\" \/>\n<meta name=\"twitter:card\" content=\"summary_large_image\" \/>\n<meta name=\"twitter:label1\" content=\"Written by\" \/>\n\t<meta name=\"twitter:data1\" content=\"Carlos Belo\" \/>\n\t<meta name=\"twitter:label2\" content=\"Est. reading time\" \/>\n\t<meta name=\"twitter:data2\" content=\"1 minute\" \/>\n<script type=\"application\/ld+json\" class=\"yoast-schema-graph\">{\"@context\":\"https:\/\/schema.org\",\"@graph\":[{\"@type\":\"WebPage\",\"@id\":\"https:\/\/www.dbk.net.br\/blog\/sony-e-honda-anunciam-associacao-para-desenvolver-veiculos-eletricos\/\",\"url\":\"https:\/\/www.dbk.net.br\/blog\/sony-e-honda-anunciam-associacao-para-desenvolver-veiculos-eletricos\/\",\"name\":\"Sony e Honda anunciam associa\u00e7\u00e3o para desenvolver ve\u00edculos el\u00e9tricos - DBK\",\"isPartOf\":{\"@id\":\"https:\/\/www.dbk.net.br\/#website\"},\"primaryImageOfPage\":{\"@id\":\"https:\/\/www.dbk.net.br\/blog\/sony-e-honda-anunciam-associacao-para-desenvolver-veiculos-eletricos\/#primaryimage\"},\"image\":{\"@id\":\"https:\/\/www.dbk.net.br\/blog\/sony-e-honda-anunciam-associacao-para-desenvolver-veiculos-eletricos\/#primaryimage\"},\"thumbnailUrl\":\"https:\/\/www.dbk.net.br\/wp-content\/uploads\/2022\/03\/Carro-eletrico-honda.jpeg\",\"datePublished\":\"2022-03-10T11:52:49+00:00\",\"author\":{\"@id\":\"https:\/\/www.dbk.net.br\/#\/schema\/person\/e51c9e482ac75b03fe863f0b7f2f3598\"},\"breadcrumb\":{\"@id\":\"https:\/\/www.dbk.net.br\/blog\/sony-e-honda-anunciam-associacao-para-desenvolver-veiculos-eletricos\/#breadcrumb\"},\"inLanguage\":\"en-US\",\"potentialAction\":[{\"@type\":\"ReadAction\",\"target\":[\"https:\/\/www.dbk.net.br\/blog\/sony-e-honda-anunciam-associacao-para-desenvolver-veiculos-eletricos\/\"]}]},{\"@type\":\"ImageObject\",\"inLanguage\":\"en-US\",\"@id\":\"https:\/\/www.dbk.net.br\/blog\/sony-e-honda-anunciam-associacao-para-desenvolver-veiculos-eletricos\/#primaryimage\",\"url\":\"https:\/\/www.dbk.net.br\/wp-content\/uploads\/2022\/03\/Carro-eletrico-honda.jpeg\",\"contentUrl\":\"https:\/\/www.dbk.net.br\/wp-content\/uploads\/2022\/03\/Carro-eletrico-honda.jpeg\",\"width\":1600,\"height\":1050},{\"@type\":\"BreadcrumbList\",\"@id\":\"https:\/\/www.dbk.net.br\/blog\/sony-e-honda-anunciam-associacao-para-desenvolver-veiculos-eletricos\/#breadcrumb\",\"itemListElement\":[{\"@type\":\"ListItem\",\"position\":1,\"name\":\"In\u00edcio\",\"item\":\"https:\/\/www.dbk.net.br\/\"},{\"@type\":\"ListItem\",\"position\":2,\"name\":\"Sony e Honda anunciam associa\u00e7\u00e3o para desenvolver ve\u00edculos el\u00e9tricos\"}]},{\"@type\":\"WebSite\",\"@id\":\"https:\/\/www.dbk.net.br\/#website\",\"url\":\"https:\/\/www.dbk.net.br\/\",\"name\":\"DBK\",\"description\":\"Dealership Brokers\",\"potentialAction\":[{\"@type\":\"SearchAction\",\"target\":{\"@type\":\"EntryPoint\",\"urlTemplate\":\"https:\/\/www.dbk.net.br\/?s={search_term_string}\"},\"query-input\":{\"@type\":\"PropertyValueSpecification\",\"valueRequired\":true,\"valueName\":\"search_term_string\"}}],\"inLanguage\":\"en-US\"},{\"@type\":\"Person\",\"@id\":\"https:\/\/www.dbk.net.br\/#\/schema\/person\/e51c9e482ac75b03fe863f0b7f2f3598\",\"name\":\"Carlos Belo\",\"image\":{\"@type\":\"ImageObject\",\"inLanguage\":\"en-US\",\"@id\":\"https:\/\/www.dbk.net.br\/#\/schema\/person\/image\/\",\"url\":\"https:\/\/secure.gravatar.com\/avatar\/0b55ea10d2f125cfb150163528af65026a5d4e3808eb0005755cc6a26f3b2e75?s=96&d=mm&r=g\",\"contentUrl\":\"https:\/\/secure.gravatar.com\/avatar\/0b55ea10d2f125cfb150163528af65026a5d4e3808eb0005755cc6a26f3b2e75?s=96&d=mm&r=g\",\"caption\":\"Carlos Belo\"},\"sameAs\":[\"http:\/\/ncoisas.digital\"],\"url\":\"https:\/\/www.dbk.net.br\/en\/author\/carlos-belo\/\"}]}<\/script>\n<!-- \/ Yoast SEO plugin. -->","yoast_head_json":{"title":"Sony e Honda anunciam associa\u00e7\u00e3o para desenvolver ve\u00edculos el\u00e9tricos - DBK","robots":{"index":"index","follow":"follow","max-snippet":"max-snippet:-1","max-image-preview":"max-image-preview:large","max-video-preview":"max-video-preview:-1"},"canonical":"https:\/\/www.dbk.net.br\/en\/blog\/sony-e-honda-anunciam-associacao-para-desenvolver-veiculos-eletricos\/","og_locale":"en_US","og_type":"article","og_title":"Sony e Honda anunciam associa\u00e7\u00e3o para desenvolver ve\u00edculos el\u00e9tricos - DBK","og_description":"A gigante da eletr\u00f4nica\u00a0Sony\u00a0e a montadora\u00a0Honda\u00a0anunciaram no dia 04 de mar\u00e7o a inten\u00e7\u00e3o de estabelecer uma &#8220;alian\u00e7a estrat\u00e9gica&#8221; para desenvolver e produzir ve\u00edculos el\u00e9tricos e comercializ\u00e1-los a partir de 2025. Os dois grupos japoneses preveem fundar uma empresa conjunta este ano para desenvolver e vender &#8220;ve\u00edculos el\u00e9tricos com bateria de alto valor agregado&#8221;, al\u00e9m de [&hellip;]","og_url":"https:\/\/www.dbk.net.br\/en\/blog\/sony-e-honda-anunciam-associacao-para-desenvolver-veiculos-eletricos\/","og_site_name":"DBK","article_published_time":"2022-03-10T11:52:49+00:00","og_image":[{"width":1600,"height":1050,"url":"https:\/\/www.dbk.net.br\/wp-content\/uploads\/2022\/03\/Carro-eletrico-honda.jpeg","type":"image\/jpeg"}],"author":"Carlos Belo","twitter_card":"summary_large_image","twitter_misc":{"Written by":"Carlos Belo","Est. reading time":"1 minute"},"schema":{"@context":"https:\/\/schema.org","@graph":[{"@type":"WebPage","@id":"https:\/\/www.dbk.net.br\/blog\/sony-e-honda-anunciam-associacao-para-desenvolver-veiculos-eletricos\/","url":"https:\/\/www.dbk.net.br\/blog\/sony-e-honda-anunciam-associacao-para-desenvolver-veiculos-eletricos\/","name":"Sony e Honda anunciam associa\u00e7\u00e3o para desenvolver ve\u00edculos el\u00e9tricos - DBK","isPartOf":{"@id":"https:\/\/www.dbk.net.br\/#website"},"primaryImageOfPage":{"@id":"https:\/\/www.dbk.net.br\/blog\/sony-e-honda-anunciam-associacao-para-desenvolver-veiculos-eletricos\/#primaryimage"},"image":{"@id":"https:\/\/www.dbk.net.br\/blog\/sony-e-honda-anunciam-associacao-para-desenvolver-veiculos-eletricos\/#primaryimage"},"thumbnailUrl":"https:\/\/www.dbk.net.br\/wp-content\/uploads\/2022\/03\/Carro-eletrico-honda.jpeg","datePublished":"2022-03-10T11:52:49+00:00","author":{"@id":"https:\/\/www.dbk.net.br\/#\/schema\/person\/e51c9e482ac75b03fe863f0b7f2f3598"},"breadcrumb":{"@id":"https:\/\/www.dbk.net.br\/blog\/sony-e-honda-anunciam-associacao-para-desenvolver-veiculos-eletricos\/#breadcrumb"},"inLanguage":"en-US","potentialAction":[{"@type":"ReadAction","target":["https:\/\/www.dbk.net.br\/blog\/sony-e-honda-anunciam-associacao-para-desenvolver-veiculos-eletricos\/"]}]},{"@type":"ImageObject","inLanguage":"en-US","@id":"https:\/\/www.dbk.net.br\/blog\/sony-e-honda-anunciam-associacao-para-desenvolver-veiculos-eletricos\/#primaryimage","url":"https:\/\/www.dbk.net.br\/wp-content\/uploads\/2022\/03\/Carro-eletrico-honda.jpeg","contentUrl":"https:\/\/www.dbk.net.br\/wp-content\/uploads\/2022\/03\/Carro-eletrico-honda.jpeg","width":1600,"height":1050},{"@type":"BreadcrumbList","@id":"https:\/\/www.dbk.net.br\/blog\/sony-e-honda-anunciam-associacao-para-desenvolver-veiculos-eletricos\/#breadcrumb","itemListElement":[{"@type":"ListItem","position":1,"name":"In\u00edcio","item":"https:\/\/www.dbk.net.br\/"},{"@type":"ListItem","position":2,"name":"Sony e Honda anunciam associa\u00e7\u00e3o para desenvolver ve\u00edculos el\u00e9tricos"}]},{"@type":"WebSite","@id":"https:\/\/www.dbk.net.br\/#website","url":"https:\/\/www.dbk.net.br\/","name":"DBK","description":"Dealership Brokers","potentialAction":[{"@type":"SearchAction","target":{"@type":"EntryPoint","urlTemplate":"https:\/\/www.dbk.net.br\/?s={search_term_string}"},"query-input":{"@type":"PropertyValueSpecification","valueRequired":true,"valueName":"search_term_string"}}],"inLanguage":"en-US"},{"@type":"Person","@id":"https:\/\/www.dbk.net.br\/#\/schema\/person\/e51c9e482ac75b03fe863f0b7f2f3598","name":"Carlos Belo","image":{"@type":"ImageObject","inLanguage":"en-US","@id":"https:\/\/www.dbk.net.br\/#\/schema\/person\/image\/","url":"https:\/\/secure.gravatar.com\/avatar\/0b55ea10d2f125cfb150163528af65026a5d4e3808eb0005755cc6a26f3b2e75?s=96&d=mm&r=g","contentUrl":"https:\/\/secure.gravatar.com\/avatar\/0b55ea10d2f125cfb150163528af65026a5d4e3808eb0005755cc6a26f3b2e75?s=96&d=mm&r=g","caption":"Carlos Belo"},"sameAs":["http:\/\/ncoisas.digital"],"url":"https:\/\/www.dbk.net.br\/en\/author\/carlos-belo\/"}]}},"_links":{"self":[{"href":"https:\/\/www.dbk.net.br\/en\/wp-json\/wp\/v2\/posts\/669","targetHints":{"allow":["GET"]}}],"collection":[{"href":"https:\/\/www.dbk.net.br\/en\/wp-json\/wp\/v2\/posts"}],"about":[{"href":"https:\/\/www.dbk.net.br\/en\/wp-json\/wp\/v2\/types\/post"}],"author":[{"embeddable":true,"href":"https:\/\/www.dbk.net.br\/en\/wp-json\/wp\/v2\/users\/3"}],"replies":[{"embeddable":true,"href":"https:\/\/www.dbk.net.br\/en\/wp-json\/wp\/v2\/comments?post=669"}],"version-history":[{"count":1,"href":"https:\/\/www.dbk.net.br\/en\/wp-json\/wp\/v2\/posts\/669\/revisions"}],"predecessor-version":[{"id":671,"href":"https:\/\/www.dbk.net.br\/en\/wp-json\/wp\/v2\/posts\/669\/revisions\/671"}],"wp:featuredmedia":[{"embeddable":true,"href":"https:\/\/www.dbk.net.br\/en\/wp-json\/wp\/v2\/media\/670"}],"wp:attachment":[{"href":"https:\/\/www.dbk.net.br\/en\/wp-json\/wp\/v2\/media?parent=669"}],"wp:term":[{"taxonomy":"category","embeddable":true,"href":"https:\/\/www.dbk.net.br\/en\/wp-json\/wp\/v2\/categories?post=669"},{"taxonomy":"post_tag","embeddable":true,"href":"https:\/\/www.dbk.net.br\/en\/wp-json\/wp\/v2\/tags?post=669"}],"curies":[{"name":"wp","href":"https:\/\/api.w.org\/{rel}","templated":true}]}}