
{"id":3518,"date":"2025-07-30T22:22:41","date_gmt":"2025-07-31T01:22:41","guid":{"rendered":"https:\/\/www.dbk.net.br\/?p=3518"},"modified":"2025-08-04T22:36:48","modified_gmt":"2025-08-05T01:36:48","slug":"indiana-tata-motors-compra-a-iveco","status":"publish","type":"post","link":"https:\/\/www.dbk.net.br\/en\/blog\/geral\/indiana-tata-motors-compra-a-iveco\/","title":{"rendered":"Indiana Tata Motors compra a Iveco"},"content":{"rendered":"<p><span style=\"font-weight: 400;\">Neg\u00f3cio de \u20ac 3,8 bilh\u00f5es envolve divis\u00e3o de ve\u00edculos pesados e comerciais do grupo italiano<\/span><\/p>\n<p><span style=\"font-weight: 400;\">A Iveco tem novo dono.\u00a0<\/span><a href=\"https:\/\/www.automotivebusiness.com.br\/noticias\/bmw-e-tata-unem-forcas-para-desenvolver-software-automotivo\"><span style=\"font-weight: 400;\">A Tata Motors<\/span><\/a><span style=\"font-weight: 400;\">\u00a0adquiriu a divis\u00e3o de ve\u00edculos pesados e comerciais do grupo italiano. O neg\u00f3cio envolve valores de \u20ac 3,8 bilh\u00f5es.<\/span><\/p>\n<p><span style=\"font-weight: 400;\">A transa\u00e7\u00e3o foi confirmada nesta quarta, 30. O conselho do Iveco Group recomendou, por unanimidade, a aprova\u00e7\u00e3o do neg\u00f3cio com a Tata pelos acionistas. A Exor, holding da fam\u00edlia Agnelli e maior acionista da empresa, j\u00e1 se comprometeu a vender sua participa\u00e7\u00e3o.<\/span><\/p>\n<p><span style=\"font-weight: 400;\">A fabricante indiana, por sua vez, planeja uma oferta p\u00fablica de aquisi\u00e7\u00e3o (OPA) de \u20ac 14,1 por a\u00e7\u00e3o atrav\u00e9s de sua subsidi\u00e1ria TML CV Holdings PTE.\u00a0 A opera\u00e7\u00e3o ser\u00e1 conduzida por uma nova companhia, com sede na Holanda, e controlada pela Tata.<\/span><\/p>\n<p><span style=\"font-weight: 400;\">O neg\u00f3cio n\u00e3o envolve a divis\u00e3o de defesa da Iveco, que foi adquirida pela gigante italiana Leonardo, por \u20ac 10,9 bilh\u00f5es, na \u00faltima segunda, 28.<\/span><\/p>\n<h3><span style=\"font-weight: 400;\">Como fica a Tata Motors com a aquisi\u00e7\u00e3o da Iveco<\/span><\/h3>\n<p><span style=\"font-weight: 400;\">O \u00faltimo balan\u00e7o do Iveco Group mostrou que a empresa registrou receita consolidada de \u20ac 3,78 bilh\u00f5es no segundo trimestre de 2025, leve queda de 3,5% em rela\u00e7\u00e3o ao resultado do mesmo per\u00edodo de 2024.<\/span><\/p>\n<p><span style=\"font-weight: 400;\">J\u00e1 o lucro operacional ajustado (EBIT) foi de \u20ac 215 milh\u00f5es, com margem de 5,7%, menos 7,5% que no segundo trimestre de 2024.\u00a0<\/span><\/p>\n<p><span style=\"font-weight: 400;\">Com a compra da Iveco, a Tata Motors ter\u00e1 grupo automotivo com vendas anuais superiores a 540 mil unidades e receitas combinadas de \u20ac 22 bilh\u00f5es.<\/span><\/p>\n<p><span style=\"font-weight: 400;\">Em comunicado oficial, o Iveco Grupo airma que \u201ca combina\u00e7\u00e3o re\u00fane capacidades complementares, alcance global e uma vis\u00e3o estrat\u00e9gica compartilhada para impulsionar o crescimento a longo prazo e gerar valor significativo\u201d.<\/span><\/p>\n<p>&nbsp;<\/p>\n<p><span style=\"font-weight: 400;\">Fonte: <a href=\"https:\/\/www.automotivebusiness.com.br\/noticias\/tata-motors-compra-iveco\">https:\/\/www.automotivebusiness.com.br\/noticias\/tata-motors-compra-iveco<\/a><\/span><\/p>","protected":false},"excerpt":{"rendered":"<p>Neg\u00f3cio de \u20ac 3,8 bilh\u00f5es envolve divis\u00e3o de ve\u00edculos pesados e comerciais do grupo italiano A Iveco tem novo dono.\u00a0A Tata Motors\u00a0adquiriu a divis\u00e3o de ve\u00edculos pesados e comerciais do grupo italiano. O neg\u00f3cio envolve valores de \u20ac 3,8 bilh\u00f5es. A transa\u00e7\u00e3o foi confirmada nesta quarta, 30. O conselho do Iveco Group recomendou, por unanimidade, [&hellip;]<\/p>","protected":false},"author":3,"featured_media":3519,"comment_status":"open","ping_status":"open","sticky":false,"template":"","format":"standard","meta":{"_acf_changed":false,"footnotes":""},"categories":[2,49],"tags":[],"class_list":["post-3518","post","type-post","status-publish","format-standard","has-post-thumbnail","hentry","category-blog","category-geral"],"acf":[],"yoast_head":"<!-- This site is optimized with the Yoast SEO plugin v26.6 - https:\/\/yoast.com\/wordpress\/plugins\/seo\/ -->\n<title>Indiana Tata Motors compra a Iveco - DBK<\/title>\n<meta name=\"robots\" content=\"index, follow, max-snippet:-1, max-image-preview:large, max-video-preview:-1\" \/>\n<link rel=\"canonical\" href=\"https:\/\/www.dbk.net.br\/en\/blog\/geral\/indiana-tata-motors-compra-a-iveco\/\" \/>\n<meta property=\"og:locale\" content=\"en_US\" \/>\n<meta property=\"og:type\" content=\"article\" \/>\n<meta property=\"og:title\" content=\"Indiana Tata Motors compra a Iveco - DBK\" \/>\n<meta property=\"og:description\" content=\"Neg\u00f3cio de \u20ac 3,8 bilh\u00f5es envolve divis\u00e3o de ve\u00edculos pesados e comerciais do grupo italiano A Iveco tem novo dono.\u00a0A Tata Motors\u00a0adquiriu a divis\u00e3o de ve\u00edculos pesados e comerciais do grupo italiano. O neg\u00f3cio envolve valores de \u20ac 3,8 bilh\u00f5es. A transa\u00e7\u00e3o foi confirmada nesta quarta, 30. O conselho do Iveco Group recomendou, por unanimidade, [&hellip;]\" \/>\n<meta property=\"og:url\" content=\"https:\/\/www.dbk.net.br\/en\/blog\/geral\/indiana-tata-motors-compra-a-iveco\/\" \/>\n<meta property=\"og:site_name\" content=\"DBK\" \/>\n<meta property=\"article:published_time\" content=\"2025-07-31T01:22:41+00:00\" \/>\n<meta property=\"article:modified_time\" content=\"2025-08-05T01:36:48+00:00\" \/>\n<meta property=\"og:image\" content=\"https:\/\/www.dbk.net.br\/wp-content\/uploads\/2025\/08\/iveco-daily-van-2024.jpg\" \/>\n\t<meta property=\"og:image:width\" content=\"1280\" \/>\n\t<meta property=\"og:image:height\" content=\"720\" \/>\n\t<meta property=\"og:image:type\" content=\"image\/jpeg\" \/>\n<meta name=\"author\" content=\"Carlos Belo\" \/>\n<meta name=\"twitter:card\" content=\"summary_large_image\" \/>\n<meta name=\"twitter:label1\" content=\"Written by\" \/>\n\t<meta name=\"twitter:data1\" content=\"Carlos Belo\" \/>\n\t<meta name=\"twitter:label2\" content=\"Est. reading time\" \/>\n\t<meta name=\"twitter:data2\" content=\"2 minutes\" \/>\n<script type=\"application\/ld+json\" class=\"yoast-schema-graph\">{\"@context\":\"https:\/\/schema.org\",\"@graph\":[{\"@type\":\"WebPage\",\"@id\":\"https:\/\/www.dbk.net.br\/blog\/geral\/indiana-tata-motors-compra-a-iveco\/\",\"url\":\"https:\/\/www.dbk.net.br\/blog\/geral\/indiana-tata-motors-compra-a-iveco\/\",\"name\":\"Indiana Tata Motors compra a Iveco - DBK\",\"isPartOf\":{\"@id\":\"https:\/\/www.dbk.net.br\/#website\"},\"primaryImageOfPage\":{\"@id\":\"https:\/\/www.dbk.net.br\/blog\/geral\/indiana-tata-motors-compra-a-iveco\/#primaryimage\"},\"image\":{\"@id\":\"https:\/\/www.dbk.net.br\/blog\/geral\/indiana-tata-motors-compra-a-iveco\/#primaryimage\"},\"thumbnailUrl\":\"https:\/\/www.dbk.net.br\/wp-content\/uploads\/2025\/08\/iveco-daily-van-2024.jpg\",\"datePublished\":\"2025-07-31T01:22:41+00:00\",\"dateModified\":\"2025-08-05T01:36:48+00:00\",\"author\":{\"@id\":\"https:\/\/www.dbk.net.br\/#\/schema\/person\/e51c9e482ac75b03fe863f0b7f2f3598\"},\"breadcrumb\":{\"@id\":\"https:\/\/www.dbk.net.br\/blog\/geral\/indiana-tata-motors-compra-a-iveco\/#breadcrumb\"},\"inLanguage\":\"en-US\",\"potentialAction\":[{\"@type\":\"ReadAction\",\"target\":[\"https:\/\/www.dbk.net.br\/blog\/geral\/indiana-tata-motors-compra-a-iveco\/\"]}]},{\"@type\":\"ImageObject\",\"inLanguage\":\"en-US\",\"@id\":\"https:\/\/www.dbk.net.br\/blog\/geral\/indiana-tata-motors-compra-a-iveco\/#primaryimage\",\"url\":\"https:\/\/www.dbk.net.br\/wp-content\/uploads\/2025\/08\/iveco-daily-van-2024.jpg\",\"contentUrl\":\"https:\/\/www.dbk.net.br\/wp-content\/uploads\/2025\/08\/iveco-daily-van-2024.jpg\",\"width\":1280,\"height\":720},{\"@type\":\"BreadcrumbList\",\"@id\":\"https:\/\/www.dbk.net.br\/blog\/geral\/indiana-tata-motors-compra-a-iveco\/#breadcrumb\",\"itemListElement\":[{\"@type\":\"ListItem\",\"position\":1,\"name\":\"In\u00edcio\",\"item\":\"https:\/\/www.dbk.net.br\/\"},{\"@type\":\"ListItem\",\"position\":2,\"name\":\"Indiana Tata Motors compra a Iveco\"}]},{\"@type\":\"WebSite\",\"@id\":\"https:\/\/www.dbk.net.br\/#website\",\"url\":\"https:\/\/www.dbk.net.br\/\",\"name\":\"DBK\",\"description\":\"Dealership Brokers\",\"potentialAction\":[{\"@type\":\"SearchAction\",\"target\":{\"@type\":\"EntryPoint\",\"urlTemplate\":\"https:\/\/www.dbk.net.br\/?s={search_term_string}\"},\"query-input\":{\"@type\":\"PropertyValueSpecification\",\"valueRequired\":true,\"valueName\":\"search_term_string\"}}],\"inLanguage\":\"en-US\"},{\"@type\":\"Person\",\"@id\":\"https:\/\/www.dbk.net.br\/#\/schema\/person\/e51c9e482ac75b03fe863f0b7f2f3598\",\"name\":\"Carlos Belo\",\"image\":{\"@type\":\"ImageObject\",\"inLanguage\":\"en-US\",\"@id\":\"https:\/\/www.dbk.net.br\/#\/schema\/person\/image\/\",\"url\":\"https:\/\/secure.gravatar.com\/avatar\/0b55ea10d2f125cfb150163528af65026a5d4e3808eb0005755cc6a26f3b2e75?s=96&d=mm&r=g\",\"contentUrl\":\"https:\/\/secure.gravatar.com\/avatar\/0b55ea10d2f125cfb150163528af65026a5d4e3808eb0005755cc6a26f3b2e75?s=96&d=mm&r=g\",\"caption\":\"Carlos Belo\"},\"sameAs\":[\"http:\/\/ncoisas.digital\"],\"url\":\"https:\/\/www.dbk.net.br\/en\/author\/carlos-belo\/\"}]}<\/script>\n<!-- \/ Yoast SEO plugin. -->","yoast_head_json":{"title":"Indiana Tata Motors compra a Iveco - DBK","robots":{"index":"index","follow":"follow","max-snippet":"max-snippet:-1","max-image-preview":"max-image-preview:large","max-video-preview":"max-video-preview:-1"},"canonical":"https:\/\/www.dbk.net.br\/en\/blog\/geral\/indiana-tata-motors-compra-a-iveco\/","og_locale":"en_US","og_type":"article","og_title":"Indiana Tata Motors compra a Iveco - DBK","og_description":"Neg\u00f3cio de \u20ac 3,8 bilh\u00f5es envolve divis\u00e3o de ve\u00edculos pesados e comerciais do grupo italiano A Iveco tem novo dono.\u00a0A Tata Motors\u00a0adquiriu a divis\u00e3o de ve\u00edculos pesados e comerciais do grupo italiano. O neg\u00f3cio envolve valores de \u20ac 3,8 bilh\u00f5es. A transa\u00e7\u00e3o foi confirmada nesta quarta, 30. O conselho do Iveco Group recomendou, por unanimidade, [&hellip;]","og_url":"https:\/\/www.dbk.net.br\/en\/blog\/geral\/indiana-tata-motors-compra-a-iveco\/","og_site_name":"DBK","article_published_time":"2025-07-31T01:22:41+00:00","article_modified_time":"2025-08-05T01:36:48+00:00","og_image":[{"width":1280,"height":720,"url":"https:\/\/www.dbk.net.br\/wp-content\/uploads\/2025\/08\/iveco-daily-van-2024.jpg","type":"image\/jpeg"}],"author":"Carlos Belo","twitter_card":"summary_large_image","twitter_misc":{"Written by":"Carlos Belo","Est. reading time":"2 minutes"},"schema":{"@context":"https:\/\/schema.org","@graph":[{"@type":"WebPage","@id":"https:\/\/www.dbk.net.br\/blog\/geral\/indiana-tata-motors-compra-a-iveco\/","url":"https:\/\/www.dbk.net.br\/blog\/geral\/indiana-tata-motors-compra-a-iveco\/","name":"Indiana Tata Motors compra a Iveco - DBK","isPartOf":{"@id":"https:\/\/www.dbk.net.br\/#website"},"primaryImageOfPage":{"@id":"https:\/\/www.dbk.net.br\/blog\/geral\/indiana-tata-motors-compra-a-iveco\/#primaryimage"},"image":{"@id":"https:\/\/www.dbk.net.br\/blog\/geral\/indiana-tata-motors-compra-a-iveco\/#primaryimage"},"thumbnailUrl":"https:\/\/www.dbk.net.br\/wp-content\/uploads\/2025\/08\/iveco-daily-van-2024.jpg","datePublished":"2025-07-31T01:22:41+00:00","dateModified":"2025-08-05T01:36:48+00:00","author":{"@id":"https:\/\/www.dbk.net.br\/#\/schema\/person\/e51c9e482ac75b03fe863f0b7f2f3598"},"breadcrumb":{"@id":"https:\/\/www.dbk.net.br\/blog\/geral\/indiana-tata-motors-compra-a-iveco\/#breadcrumb"},"inLanguage":"en-US","potentialAction":[{"@type":"ReadAction","target":["https:\/\/www.dbk.net.br\/blog\/geral\/indiana-tata-motors-compra-a-iveco\/"]}]},{"@type":"ImageObject","inLanguage":"en-US","@id":"https:\/\/www.dbk.net.br\/blog\/geral\/indiana-tata-motors-compra-a-iveco\/#primaryimage","url":"https:\/\/www.dbk.net.br\/wp-content\/uploads\/2025\/08\/iveco-daily-van-2024.jpg","contentUrl":"https:\/\/www.dbk.net.br\/wp-content\/uploads\/2025\/08\/iveco-daily-van-2024.jpg","width":1280,"height":720},{"@type":"BreadcrumbList","@id":"https:\/\/www.dbk.net.br\/blog\/geral\/indiana-tata-motors-compra-a-iveco\/#breadcrumb","itemListElement":[{"@type":"ListItem","position":1,"name":"In\u00edcio","item":"https:\/\/www.dbk.net.br\/"},{"@type":"ListItem","position":2,"name":"Indiana Tata Motors compra a Iveco"}]},{"@type":"WebSite","@id":"https:\/\/www.dbk.net.br\/#website","url":"https:\/\/www.dbk.net.br\/","name":"DBK","description":"Dealership Brokers","potentialAction":[{"@type":"SearchAction","target":{"@type":"EntryPoint","urlTemplate":"https:\/\/www.dbk.net.br\/?s={search_term_string}"},"query-input":{"@type":"PropertyValueSpecification","valueRequired":true,"valueName":"search_term_string"}}],"inLanguage":"en-US"},{"@type":"Person","@id":"https:\/\/www.dbk.net.br\/#\/schema\/person\/e51c9e482ac75b03fe863f0b7f2f3598","name":"Carlos Belo","image":{"@type":"ImageObject","inLanguage":"en-US","@id":"https:\/\/www.dbk.net.br\/#\/schema\/person\/image\/","url":"https:\/\/secure.gravatar.com\/avatar\/0b55ea10d2f125cfb150163528af65026a5d4e3808eb0005755cc6a26f3b2e75?s=96&d=mm&r=g","contentUrl":"https:\/\/secure.gravatar.com\/avatar\/0b55ea10d2f125cfb150163528af65026a5d4e3808eb0005755cc6a26f3b2e75?s=96&d=mm&r=g","caption":"Carlos Belo"},"sameAs":["http:\/\/ncoisas.digital"],"url":"https:\/\/www.dbk.net.br\/en\/author\/carlos-belo\/"}]}},"_links":{"self":[{"href":"https:\/\/www.dbk.net.br\/en\/wp-json\/wp\/v2\/posts\/3518","targetHints":{"allow":["GET"]}}],"collection":[{"href":"https:\/\/www.dbk.net.br\/en\/wp-json\/wp\/v2\/posts"}],"about":[{"href":"https:\/\/www.dbk.net.br\/en\/wp-json\/wp\/v2\/types\/post"}],"author":[{"embeddable":true,"href":"https:\/\/www.dbk.net.br\/en\/wp-json\/wp\/v2\/users\/3"}],"replies":[{"embeddable":true,"href":"https:\/\/www.dbk.net.br\/en\/wp-json\/wp\/v2\/comments?post=3518"}],"version-history":[{"count":1,"href":"https:\/\/www.dbk.net.br\/en\/wp-json\/wp\/v2\/posts\/3518\/revisions"}],"predecessor-version":[{"id":3520,"href":"https:\/\/www.dbk.net.br\/en\/wp-json\/wp\/v2\/posts\/3518\/revisions\/3520"}],"wp:featuredmedia":[{"embeddable":true,"href":"https:\/\/www.dbk.net.br\/en\/wp-json\/wp\/v2\/media\/3519"}],"wp:attachment":[{"href":"https:\/\/www.dbk.net.br\/en\/wp-json\/wp\/v2\/media?parent=3518"}],"wp:term":[{"taxonomy":"category","embeddable":true,"href":"https:\/\/www.dbk.net.br\/en\/wp-json\/wp\/v2\/categories?post=3518"},{"taxonomy":"post_tag","embeddable":true,"href":"https:\/\/www.dbk.net.br\/en\/wp-json\/wp\/v2\/tags?post=3518"}],"curies":[{"name":"wp","href":"https:\/\/api.w.org\/{rel}","templated":true}]}}