
{"id":3461,"date":"2025-06-04T19:15:56","date_gmt":"2025-06-04T22:15:56","guid":{"rendered":"https:\/\/www.dbk.net.br\/?p=3461"},"modified":"2025-06-05T19:19:06","modified_gmt":"2025-06-05T22:19:06","slug":"marca-de-veiculos-comerciais-eletricos-da-geely-sera-lancada-no-brasil","status":"publish","type":"post","link":"https:\/\/www.dbk.net.br\/en\/blog\/geral\/marca-de-veiculos-comerciais-eletricos-da-geely-sera-lancada-no-brasil\/","title":{"rendered":"Marca de ve\u00edculos comerciais el\u00e9tricos da Geely ser\u00e1 lan\u00e7ada no Brasil"},"content":{"rendered":"<p><b>Farizon tem linhas de caminh\u00f5es, vans e furg\u00f5es e vai ser representada por aqui pelo Grupo Timber<\/b><\/p>\n<p><span style=\"font-weight: 400;\">Mais uma marca do Grupo Geely vai por suas rodas no Brasil. Desta vez \u00e9 a Farizon, divis\u00e3o de ve\u00edculos comerciais el\u00e9tricos da empresa chinesa, que ser\u00e1 apresentada oficialmente na segunda quinzena de junho.<\/span><\/p>\n<p><span style=\"font-weight: 400;\">Por aqui, a Farizon ser\u00e1 representada pelo Grupo Timber. A empresa atua nos segmentos florestal, agr\u00edcola, de constru\u00e7\u00e3o e de energia, e tem sede em Curitiba (PR). No fim de 2024 a empresa, inclusive, anunciou\u00a0a importa\u00e7\u00e3o da Riddara, outra marca da Geely, s\u00f3 que de picapes el\u00e9tricas.<\/span><\/p>\n<p><span style=\"font-weight: 400;\">A Farizon Auto \u00e9 uma fabricante de comerciais leves chinesa fundada em 2016. A montadora \u00e9 especializada em ve\u00edculos 100% el\u00e9tricos voltados a aplica\u00e7\u00f5es comerciais, como transporte urbano de cargas e de passageiros, al\u00e9m de servi\u00e7os log\u00edsticos.<\/span><\/p>\n<p><span style=\"font-weight: 400;\">A apresenta\u00e7\u00e3o oficial da marca est\u00e1 agendada para o Eletrocar Show, evento que acontece no Distrito Anhembi, em S\u00e3o Paulo (SP), entre 23 e 26 de junho.<\/span><\/p>\n<h3><strong>Furg\u00e3o Farizon SV \u00e9 um dos cotados para o Brasil<\/strong><\/h3>\n<p><span style=\"font-weight: 400;\">O Grupo Timber n\u00e3o deu detalhes sobre quais carros da Farizon ser\u00e3o vendidos no Brasil. Nos bastidores, por\u00e9m, sabe-se que a marca vai comercializar desde vans e furg\u00f5es a caminh\u00f5es pequenos el\u00e9tricos, de 6 e 8 toneladas.<\/span><\/p>\n<p><span style=\"font-weight: 400;\">Um dos modelos cotados \u00e9 a linha de furg\u00f5es de porte m\u00e9dio SV (foto acima), que brigaria aqui com modelos como Citro\u00ebn e-Jumpy e Fiat e-Scudo. Na China, o ve\u00edculo usa baterias de 67 kWh ou 83 kWh, com alcances que variam de 300 km a 370 km.<\/span><\/p>\n<p>&nbsp;<\/p>\n<p><span style=\"font-weight: 400;\">Fonte:<a href=\"https:\/\/www.automotivebusiness.com.br\/noticias\/marca-comerciais-eletricos-geely-lancada-brasil\"> https:\/\/www.automotivebusiness.com.br\/noticias\/marca-comerciais-eletricos-geely-lancada-brasil<\/a><\/span><\/p>","protected":false},"excerpt":{"rendered":"<p>Farizon tem linhas de caminh\u00f5es, vans e furg\u00f5es e vai ser representada por aqui pelo Grupo Timber Mais uma marca do Grupo Geely vai por suas rodas no Brasil. Desta vez \u00e9 a Farizon, divis\u00e3o de ve\u00edculos comerciais el\u00e9tricos da empresa chinesa, que ser\u00e1 apresentada oficialmente na segunda quinzena de junho. Por aqui, a Farizon [&hellip;]<\/p>","protected":false},"author":3,"featured_media":3462,"comment_status":"open","ping_status":"open","sticky":false,"template":"","format":"standard","meta":{"_acf_changed":false,"footnotes":""},"categories":[2,49],"tags":[],"class_list":["post-3461","post","type-post","status-publish","format-standard","has-post-thumbnail","hentry","category-blog","category-geral"],"acf":[],"yoast_head":"<!-- This site is optimized with the Yoast SEO plugin v26.6 - https:\/\/yoast.com\/wordpress\/plugins\/seo\/ -->\n<title>Marca de ve\u00edculos comerciais el\u00e9tricos da Geely ser\u00e1 lan\u00e7ada no Brasil - DBK<\/title>\n<meta name=\"robots\" content=\"index, follow, max-snippet:-1, max-image-preview:large, max-video-preview:-1\" \/>\n<link rel=\"canonical\" href=\"https:\/\/www.dbk.net.br\/en\/blog\/geral\/marca-de-veiculos-comerciais-eletricos-da-geely-sera-lancada-no-brasil\/\" \/>\n<meta property=\"og:locale\" content=\"en_US\" \/>\n<meta property=\"og:type\" content=\"article\" \/>\n<meta property=\"og:title\" content=\"Marca de ve\u00edculos comerciais el\u00e9tricos da Geely ser\u00e1 lan\u00e7ada no Brasil - DBK\" \/>\n<meta property=\"og:description\" content=\"Farizon tem linhas de caminh\u00f5es, vans e furg\u00f5es e vai ser representada por aqui pelo Grupo Timber Mais uma marca do Grupo Geely vai por suas rodas no Brasil. Desta vez \u00e9 a Farizon, divis\u00e3o de ve\u00edculos comerciais el\u00e9tricos da empresa chinesa, que ser\u00e1 apresentada oficialmente na segunda quinzena de junho. Por aqui, a Farizon [&hellip;]\" \/>\n<meta property=\"og:url\" content=\"https:\/\/www.dbk.net.br\/en\/blog\/geral\/marca-de-veiculos-comerciais-eletricos-da-geely-sera-lancada-no-brasil\/\" \/>\n<meta property=\"og:site_name\" content=\"DBK\" \/>\n<meta property=\"article:published_time\" content=\"2025-06-04T22:15:56+00:00\" \/>\n<meta property=\"article:modified_time\" content=\"2025-06-05T22:19:06+00:00\" \/>\n<meta property=\"og:image\" content=\"https:\/\/www.dbk.net.br\/wp-content\/uploads\/2025\/06\/Farizon-SV.webp\" \/>\n\t<meta property=\"og:image:width\" content=\"1200\" \/>\n\t<meta property=\"og:image:height\" content=\"800\" \/>\n\t<meta property=\"og:image:type\" content=\"image\/webp\" \/>\n<meta name=\"author\" content=\"Carlos Belo\" \/>\n<meta name=\"twitter:card\" content=\"summary_large_image\" \/>\n<meta name=\"twitter:label1\" content=\"Written by\" \/>\n\t<meta name=\"twitter:data1\" content=\"Carlos Belo\" \/>\n\t<meta name=\"twitter:label2\" content=\"Est. reading time\" \/>\n\t<meta name=\"twitter:data2\" content=\"2 minutes\" \/>\n<script type=\"application\/ld+json\" class=\"yoast-schema-graph\">{\"@context\":\"https:\/\/schema.org\",\"@graph\":[{\"@type\":\"WebPage\",\"@id\":\"https:\/\/www.dbk.net.br\/blog\/geral\/marca-de-veiculos-comerciais-eletricos-da-geely-sera-lancada-no-brasil\/\",\"url\":\"https:\/\/www.dbk.net.br\/blog\/geral\/marca-de-veiculos-comerciais-eletricos-da-geely-sera-lancada-no-brasil\/\",\"name\":\"Marca de ve\u00edculos comerciais el\u00e9tricos da Geely ser\u00e1 lan\u00e7ada no Brasil - DBK\",\"isPartOf\":{\"@id\":\"https:\/\/www.dbk.net.br\/#website\"},\"primaryImageOfPage\":{\"@id\":\"https:\/\/www.dbk.net.br\/blog\/geral\/marca-de-veiculos-comerciais-eletricos-da-geely-sera-lancada-no-brasil\/#primaryimage\"},\"image\":{\"@id\":\"https:\/\/www.dbk.net.br\/blog\/geral\/marca-de-veiculos-comerciais-eletricos-da-geely-sera-lancada-no-brasil\/#primaryimage\"},\"thumbnailUrl\":\"https:\/\/www.dbk.net.br\/wp-content\/uploads\/2025\/06\/Farizon-SV.webp\",\"datePublished\":\"2025-06-04T22:15:56+00:00\",\"dateModified\":\"2025-06-05T22:19:06+00:00\",\"author\":{\"@id\":\"https:\/\/www.dbk.net.br\/#\/schema\/person\/e51c9e482ac75b03fe863f0b7f2f3598\"},\"breadcrumb\":{\"@id\":\"https:\/\/www.dbk.net.br\/blog\/geral\/marca-de-veiculos-comerciais-eletricos-da-geely-sera-lancada-no-brasil\/#breadcrumb\"},\"inLanguage\":\"en-US\",\"potentialAction\":[{\"@type\":\"ReadAction\",\"target\":[\"https:\/\/www.dbk.net.br\/blog\/geral\/marca-de-veiculos-comerciais-eletricos-da-geely-sera-lancada-no-brasil\/\"]}]},{\"@type\":\"ImageObject\",\"inLanguage\":\"en-US\",\"@id\":\"https:\/\/www.dbk.net.br\/blog\/geral\/marca-de-veiculos-comerciais-eletricos-da-geely-sera-lancada-no-brasil\/#primaryimage\",\"url\":\"https:\/\/www.dbk.net.br\/wp-content\/uploads\/2025\/06\/Farizon-SV.webp\",\"contentUrl\":\"https:\/\/www.dbk.net.br\/wp-content\/uploads\/2025\/06\/Farizon-SV.webp\",\"width\":1200,\"height\":800},{\"@type\":\"BreadcrumbList\",\"@id\":\"https:\/\/www.dbk.net.br\/blog\/geral\/marca-de-veiculos-comerciais-eletricos-da-geely-sera-lancada-no-brasil\/#breadcrumb\",\"itemListElement\":[{\"@type\":\"ListItem\",\"position\":1,\"name\":\"In\u00edcio\",\"item\":\"https:\/\/www.dbk.net.br\/\"},{\"@type\":\"ListItem\",\"position\":2,\"name\":\"Marca de ve\u00edculos comerciais el\u00e9tricos da Geely ser\u00e1 lan\u00e7ada no Brasil\"}]},{\"@type\":\"WebSite\",\"@id\":\"https:\/\/www.dbk.net.br\/#website\",\"url\":\"https:\/\/www.dbk.net.br\/\",\"name\":\"DBK\",\"description\":\"Dealership Brokers\",\"potentialAction\":[{\"@type\":\"SearchAction\",\"target\":{\"@type\":\"EntryPoint\",\"urlTemplate\":\"https:\/\/www.dbk.net.br\/?s={search_term_string}\"},\"query-input\":{\"@type\":\"PropertyValueSpecification\",\"valueRequired\":true,\"valueName\":\"search_term_string\"}}],\"inLanguage\":\"en-US\"},{\"@type\":\"Person\",\"@id\":\"https:\/\/www.dbk.net.br\/#\/schema\/person\/e51c9e482ac75b03fe863f0b7f2f3598\",\"name\":\"Carlos Belo\",\"image\":{\"@type\":\"ImageObject\",\"inLanguage\":\"en-US\",\"@id\":\"https:\/\/www.dbk.net.br\/#\/schema\/person\/image\/\",\"url\":\"https:\/\/secure.gravatar.com\/avatar\/0b55ea10d2f125cfb150163528af65026a5d4e3808eb0005755cc6a26f3b2e75?s=96&d=mm&r=g\",\"contentUrl\":\"https:\/\/secure.gravatar.com\/avatar\/0b55ea10d2f125cfb150163528af65026a5d4e3808eb0005755cc6a26f3b2e75?s=96&d=mm&r=g\",\"caption\":\"Carlos Belo\"},\"sameAs\":[\"http:\/\/ncoisas.digital\"],\"url\":\"https:\/\/www.dbk.net.br\/en\/author\/carlos-belo\/\"}]}<\/script>\n<!-- \/ Yoast SEO plugin. -->","yoast_head_json":{"title":"Marca de ve\u00edculos comerciais el\u00e9tricos da Geely ser\u00e1 lan\u00e7ada no Brasil - DBK","robots":{"index":"index","follow":"follow","max-snippet":"max-snippet:-1","max-image-preview":"max-image-preview:large","max-video-preview":"max-video-preview:-1"},"canonical":"https:\/\/www.dbk.net.br\/en\/blog\/geral\/marca-de-veiculos-comerciais-eletricos-da-geely-sera-lancada-no-brasil\/","og_locale":"en_US","og_type":"article","og_title":"Marca de ve\u00edculos comerciais el\u00e9tricos da Geely ser\u00e1 lan\u00e7ada no Brasil - DBK","og_description":"Farizon tem linhas de caminh\u00f5es, vans e furg\u00f5es e vai ser representada por aqui pelo Grupo Timber Mais uma marca do Grupo Geely vai por suas rodas no Brasil. Desta vez \u00e9 a Farizon, divis\u00e3o de ve\u00edculos comerciais el\u00e9tricos da empresa chinesa, que ser\u00e1 apresentada oficialmente na segunda quinzena de junho. Por aqui, a Farizon [&hellip;]","og_url":"https:\/\/www.dbk.net.br\/en\/blog\/geral\/marca-de-veiculos-comerciais-eletricos-da-geely-sera-lancada-no-brasil\/","og_site_name":"DBK","article_published_time":"2025-06-04T22:15:56+00:00","article_modified_time":"2025-06-05T22:19:06+00:00","og_image":[{"width":1200,"height":800,"url":"https:\/\/www.dbk.net.br\/wp-content\/uploads\/2025\/06\/Farizon-SV.webp","type":"image\/webp"}],"author":"Carlos Belo","twitter_card":"summary_large_image","twitter_misc":{"Written by":"Carlos Belo","Est. reading time":"2 minutes"},"schema":{"@context":"https:\/\/schema.org","@graph":[{"@type":"WebPage","@id":"https:\/\/www.dbk.net.br\/blog\/geral\/marca-de-veiculos-comerciais-eletricos-da-geely-sera-lancada-no-brasil\/","url":"https:\/\/www.dbk.net.br\/blog\/geral\/marca-de-veiculos-comerciais-eletricos-da-geely-sera-lancada-no-brasil\/","name":"Marca de ve\u00edculos comerciais el\u00e9tricos da Geely ser\u00e1 lan\u00e7ada no Brasil - DBK","isPartOf":{"@id":"https:\/\/www.dbk.net.br\/#website"},"primaryImageOfPage":{"@id":"https:\/\/www.dbk.net.br\/blog\/geral\/marca-de-veiculos-comerciais-eletricos-da-geely-sera-lancada-no-brasil\/#primaryimage"},"image":{"@id":"https:\/\/www.dbk.net.br\/blog\/geral\/marca-de-veiculos-comerciais-eletricos-da-geely-sera-lancada-no-brasil\/#primaryimage"},"thumbnailUrl":"https:\/\/www.dbk.net.br\/wp-content\/uploads\/2025\/06\/Farizon-SV.webp","datePublished":"2025-06-04T22:15:56+00:00","dateModified":"2025-06-05T22:19:06+00:00","author":{"@id":"https:\/\/www.dbk.net.br\/#\/schema\/person\/e51c9e482ac75b03fe863f0b7f2f3598"},"breadcrumb":{"@id":"https:\/\/www.dbk.net.br\/blog\/geral\/marca-de-veiculos-comerciais-eletricos-da-geely-sera-lancada-no-brasil\/#breadcrumb"},"inLanguage":"en-US","potentialAction":[{"@type":"ReadAction","target":["https:\/\/www.dbk.net.br\/blog\/geral\/marca-de-veiculos-comerciais-eletricos-da-geely-sera-lancada-no-brasil\/"]}]},{"@type":"ImageObject","inLanguage":"en-US","@id":"https:\/\/www.dbk.net.br\/blog\/geral\/marca-de-veiculos-comerciais-eletricos-da-geely-sera-lancada-no-brasil\/#primaryimage","url":"https:\/\/www.dbk.net.br\/wp-content\/uploads\/2025\/06\/Farizon-SV.webp","contentUrl":"https:\/\/www.dbk.net.br\/wp-content\/uploads\/2025\/06\/Farizon-SV.webp","width":1200,"height":800},{"@type":"BreadcrumbList","@id":"https:\/\/www.dbk.net.br\/blog\/geral\/marca-de-veiculos-comerciais-eletricos-da-geely-sera-lancada-no-brasil\/#breadcrumb","itemListElement":[{"@type":"ListItem","position":1,"name":"In\u00edcio","item":"https:\/\/www.dbk.net.br\/"},{"@type":"ListItem","position":2,"name":"Marca de ve\u00edculos comerciais el\u00e9tricos da Geely ser\u00e1 lan\u00e7ada no Brasil"}]},{"@type":"WebSite","@id":"https:\/\/www.dbk.net.br\/#website","url":"https:\/\/www.dbk.net.br\/","name":"DBK","description":"Dealership Brokers","potentialAction":[{"@type":"SearchAction","target":{"@type":"EntryPoint","urlTemplate":"https:\/\/www.dbk.net.br\/?s={search_term_string}"},"query-input":{"@type":"PropertyValueSpecification","valueRequired":true,"valueName":"search_term_string"}}],"inLanguage":"en-US"},{"@type":"Person","@id":"https:\/\/www.dbk.net.br\/#\/schema\/person\/e51c9e482ac75b03fe863f0b7f2f3598","name":"Carlos Belo","image":{"@type":"ImageObject","inLanguage":"en-US","@id":"https:\/\/www.dbk.net.br\/#\/schema\/person\/image\/","url":"https:\/\/secure.gravatar.com\/avatar\/0b55ea10d2f125cfb150163528af65026a5d4e3808eb0005755cc6a26f3b2e75?s=96&d=mm&r=g","contentUrl":"https:\/\/secure.gravatar.com\/avatar\/0b55ea10d2f125cfb150163528af65026a5d4e3808eb0005755cc6a26f3b2e75?s=96&d=mm&r=g","caption":"Carlos Belo"},"sameAs":["http:\/\/ncoisas.digital"],"url":"https:\/\/www.dbk.net.br\/en\/author\/carlos-belo\/"}]}},"_links":{"self":[{"href":"https:\/\/www.dbk.net.br\/en\/wp-json\/wp\/v2\/posts\/3461","targetHints":{"allow":["GET"]}}],"collection":[{"href":"https:\/\/www.dbk.net.br\/en\/wp-json\/wp\/v2\/posts"}],"about":[{"href":"https:\/\/www.dbk.net.br\/en\/wp-json\/wp\/v2\/types\/post"}],"author":[{"embeddable":true,"href":"https:\/\/www.dbk.net.br\/en\/wp-json\/wp\/v2\/users\/3"}],"replies":[{"embeddable":true,"href":"https:\/\/www.dbk.net.br\/en\/wp-json\/wp\/v2\/comments?post=3461"}],"version-history":[{"count":2,"href":"https:\/\/www.dbk.net.br\/en\/wp-json\/wp\/v2\/posts\/3461\/revisions"}],"predecessor-version":[{"id":3464,"href":"https:\/\/www.dbk.net.br\/en\/wp-json\/wp\/v2\/posts\/3461\/revisions\/3464"}],"wp:featuredmedia":[{"embeddable":true,"href":"https:\/\/www.dbk.net.br\/en\/wp-json\/wp\/v2\/media\/3462"}],"wp:attachment":[{"href":"https:\/\/www.dbk.net.br\/en\/wp-json\/wp\/v2\/media?parent=3461"}],"wp:term":[{"taxonomy":"category","embeddable":true,"href":"https:\/\/www.dbk.net.br\/en\/wp-json\/wp\/v2\/categories?post=3461"},{"taxonomy":"post_tag","embeddable":true,"href":"https:\/\/www.dbk.net.br\/en\/wp-json\/wp\/v2\/tags?post=3461"}],"curies":[{"name":"wp","href":"https:\/\/api.w.org\/{rel}","templated":true}]}}