
{"id":2817,"date":"2023-12-13T14:07:11","date_gmt":"2023-12-13T17:07:11","guid":{"rendered":"https:\/\/www.dbk.net.br\/?p=2817"},"modified":"2024-02-08T21:45:11","modified_gmt":"2024-02-09T00:45:11","slug":"dbk-visita-sede-da-ccm-tecnologia","status":"publish","type":"post","link":"https:\/\/www.dbk.net.br\/en\/blog\/dbk-visita-sede-da-ccm-tecnologia\/","title":{"rendered":"DBK visita sede da CCM Tecnologia"},"content":{"rendered":"<p style=\"font-weight: 400;\">O CEO e o Diretor de Intelig\u00eancia de Mercado da DBK, <strong>Ricardo Costin<\/strong> and <strong>Raphael Galante<\/strong>, estiveram em Ribeir\u00e3o Preto para visita \u00e0 sede da <strong>CCM Tecnologia<\/strong>.<\/p>\n<p style=\"font-weight: 400;\">Na oportunidade eles apresentaram um panorama do mercado automotivo e de compra e venda de concession\u00e1rias para toda equipe da CCM, fortalecendo os projetos que est\u00e3o sendo constru\u00eddos em parceria.<\/p>\n<p>&nbsp;<\/p>\n\n\t\t\t\t<p class=\"rs-p-wp-fix\"><\/p>\n\t\t\t\t<sr7-module data-alias=\"ccm-tecnologia\" data-id=\"10\" id=\"SR7_10_1\" class=\"rs-ov-hidden\" data-version=\"6.7.15\">\n\t\t\t\t\t<sr7-adjuster><\/sr7-adjuster>\n\t\t\t\t\t<sr7-content>\n\t\t\t\t\t\t<sr7-slide id=\"SR7_10_1-58\" data-key=\"58\">\n\t\t\t\t\t\t\t<sr7-bg id=\"SR7_10_1-58-1\" class=\"sr7-layer\"><noscript><img decoding=\"async\" src=\"https:\/\/www.dbk.net.br\/wp-content\/uploads\/2023\/12\/image_123650291_4.jpg\" alt=\"\" title=\"image_123650291_4\"><\/noscript><\/sr7-bg>\n\t\t\t\t\t\t<\/sr7-slide>\n\t\t\t\t\t\t<sr7-slide id=\"SR7_10_1-51\" data-key=\"51\">\n\t\t\t\t\t\t\t<sr7-bg id=\"SR7_10_1-51-1\" class=\"sr7-layer\"><noscript><img decoding=\"async\" src=\"https:\/\/www.dbk.net.br\/wp-content\/uploads\/2023\/12\/image_123650291_3.jpg\" alt=\"\" title=\"image_123650291_3\"><\/noscript><\/sr7-bg>\n\t\t\t\t\t\t<\/sr7-slide>\n\t\t\t\t\t\t<sr7-slide id=\"SR7_10_1-53\" data-key=\"53\">\n\t\t\t\t\t\t\t<sr7-bg id=\"SR7_10_1-53-1\" class=\"sr7-layer\"><noscript><img decoding=\"async\" src=\"https:\/\/www.dbk.net.br\/wp-content\/uploads\/2023\/12\/image_123650291_2.jpg\" alt=\"\" title=\"image_123650291_2\"><\/noscript><\/sr7-bg>\n\t\t\t\t\t\t<\/sr7-slide>\n\t\t\t\t\t\t<sr7-slide id=\"SR7_10_1-52\" data-key=\"52\">\n\t\t\t\t\t\t\t<sr7-bg id=\"SR7_10_1-52-1\" class=\"sr7-layer\"><noscript><img decoding=\"async\" src=\"https:\/\/www.dbk.net.br\/wp-content\/uploads\/2023\/12\/image_123650291_1.jpg\" alt=\"\" title=\"image_123650291_1\"><\/noscript><\/sr7-bg>\n\t\t\t\t\t\t<\/sr7-slide>\n\t\t\t\t\t\t<sr7-slide id=\"SR7_10_1-54\" data-key=\"54\">\n\t\t\t\t\t\t\t<sr7-bg id=\"SR7_10_1-54-1\" class=\"sr7-layer\"><noscript><img decoding=\"async\" src=\"https:\/\/www.dbk.net.br\/wp-content\/uploads\/2023\/12\/image_123650291.jpg\" alt=\"\" title=\"image_123650291\"><\/noscript><\/sr7-bg>\n\t\t\t\t\t\t<\/sr7-slide>\n\t\t\t\t\t\t<sr7-slide id=\"SR7_10_1-67\" data-key=\"67\">\n\t\t\t\t\t\t<\/sr7-slide>\n\t\t\t\t\t<\/sr7-content>\n\t\t\t\t\t<image_lists style=\"display:none\">\n\t\t\t\t\t\t<img data-src=\"\/\/www.dbk.net.br\/wp-content\/uploads\/2023\/12\/image_123650291_3.jpg\" width=\"0\" height=\"0\" data-dbsrc=\"Ly93d3cuZGJrLm5ldC5ici93cC1jb250ZW50L3VwbG9hZHMvMjAyMy8xMi9pbWFnZV8xMjM2NTAyOTFfMy5qcGc=\"\/>\n\t\t\t\t\t\t<img data-src=\"\/\/www.dbk.net.br\/wp-content\/uploads\/2023\/12\/image_123650291_1.jpg\" width=\"0\" height=\"0\" data-dbsrc=\"Ly93d3cuZGJrLm5ldC5ici93cC1jb250ZW50L3VwbG9hZHMvMjAyMy8xMi9pbWFnZV8xMjM2NTAyOTFfMS5qcGc=\"\/>\n\t\t\t\t\t\t<img data-src=\"\/\/www.dbk.net.br\/wp-content\/uploads\/2023\/12\/image_123650291_2.jpg\" width=\"0\" height=\"0\" data-dbsrc=\"Ly93d3cuZGJrLm5ldC5ici93cC1jb250ZW50L3VwbG9hZHMvMjAyMy8xMi9pbWFnZV8xMjM2NTAyOTFfMi5qcGc=\"\/>\n\t\t\t\t\t\t<img data-src=\"\/\/www.dbk.net.br\/wp-content\/uploads\/2023\/12\/image_123650291.jpg\" width=\"0\" height=\"0\" data-dbsrc=\"Ly93d3cuZGJrLm5ldC5ici93cC1jb250ZW50L3VwbG9hZHMvMjAyMy8xMi9pbWFnZV8xMjM2NTAyOTEuanBn\"\/>\n\t\t\t\t\t\t<img data-src=\"\/\/www.dbk.net.br\/wp-content\/uploads\/2023\/10\/image_6483441_5.jpg\" width=\"0\" height=\"0\" data-dbsrc=\"Ly93d3cuZGJrLm5ldC5ici93cC1jb250ZW50L3VwbG9hZHMvMjAyMy8xMC9pbWFnZV82NDgzNDQxXzUuanBn\"\/>\n\t\t\t\t\t\t<img data-src=\"\/\/www.dbk.net.br\/wp-content\/uploads\/2023\/10\/image_6483441_6.jpg\" width=\"0\" height=\"0\" data-dbsrc=\"Ly93d3cuZGJrLm5ldC5ici93cC1jb250ZW50L3VwbG9hZHMvMjAyMy8xMC9pbWFnZV82NDgzNDQxXzYuanBn\"\/>\n\t\t\t\t\t\t<img data-src=\"\/\/www.dbk.net.br\/wp-content\/uploads\/2023\/10\/image_6483441_7.jpg\" width=\"0\" height=\"0\" data-dbsrc=\"Ly93d3cuZGJrLm5ldC5ici93cC1jb250ZW50L3VwbG9hZHMvMjAyMy8xMC9pbWFnZV82NDgzNDQxXzcuanBn\"\/>\n\t\t\t\t\t\t<img data-src=\"\/\/www.dbk.net.br\/wp-content\/uploads\/2023\/12\/image_123650291_4.jpg\" width=\"0\" height=\"0\" data-dbsrc=\"Ly93d3cuZGJrLm5ldC5ici93cC1jb250ZW50L3VwbG9hZHMvMjAyMy8xMi9pbWFnZV8xMjM2NTAyOTFfNC5qcGc=\"\/>\n\t\t\t\t\t\t<img data-src=\"\/\/www.dbk.net.br\/wp-content\/uploads\/2023\/10\/image_6483441_8.jpg\" width=\"0\" height=\"0\" data-dbsrc=\"Ly93d3cuZGJrLm5ldC5ici93cC1jb250ZW50L3VwbG9hZHMvMjAyMy8xMC9pbWFnZV82NDgzNDQxXzguanBn\"\/>\n\t\t\t\t\t<\/image_lists>\n\t\t\t\t<\/sr7-module>\n\t\t\t\t<script>\n\t\t\t\t\tSR7.PMH ??={}; SR7.PMH[\"SR7_10_1\"] = {cn:0,state:false,fn: function() { if (_tpt!==undefined && _tpt.prepareModuleHeight !== undefined) {  _tpt.prepareModuleHeight({id:\"SR7_10_1\",type:'standard',shdw:'0',gh:[600,600,600,500,400],gw:[1240,1240,1024,778,480],vpt:['-100px&#039;,&#039;-100px&#039;,&#039;-100px&#039;,&#039;-100px&#039;,&#039;-100px'],size:{fullWidth:false, fullHeight:false},mh:'0',onh:0,onw:0,bg:{color:'{\"type\":\"solid\",\"orig\":\"rgba(255, 204, 0, 0)\",\"string\":\"rgba(255, 204, 0, 0)\"}'},plType:'-1',plColor:'#FFFFFF'});   SR7.PMH[\"SR7_10_1\"].state=true;} else if((SR7.PMH[\"SR7_10_1\"].cn++)<100)\tsetTimeout( SR7.PMH[\"SR7_10_1\"].fn,19);}};SR7.PMH[\"SR7_10_1\" ].fn();\n\t\t\t\t<\/script>\n\n<p>&nbsp;<\/p>","protected":false},"excerpt":{"rendered":"<p>O CEO e o Diretor de Intelig\u00eancia de Mercado da DBK, Ricardo Costin e Raphael Galante, estiveram em Ribeir\u00e3o Preto para visita \u00e0 sede da CCM Tecnologia. Na oportunidade eles apresentaram um panorama do mercado automotivo e de compra e venda de concession\u00e1rias para toda equipe da CCM, fortalecendo os projetos que est\u00e3o sendo constru\u00eddos [&hellip;]<\/p>","protected":false},"author":6,"featured_media":2825,"comment_status":"open","ping_status":"open","sticky":false,"template":"","format":"standard","meta":{"_acf_changed":false,"footnotes":""},"categories":[2,50],"tags":[],"class_list":["post-2817","post","type-post","status-publish","format-standard","has-post-thumbnail","hentry","category-blog","category-dbk"],"acf":[],"yoast_head":"<!-- This site is optimized with the Yoast SEO plugin v26.6 - https:\/\/yoast.com\/wordpress\/plugins\/seo\/ -->\n<title>DBK visita sede da CCM Tecnologia - DBK<\/title>\n<meta name=\"robots\" content=\"index, follow, max-snippet:-1, max-image-preview:large, max-video-preview:-1\" \/>\n<link rel=\"canonical\" href=\"https:\/\/www.dbk.net.br\/en\/blog\/dbk-visita-sede-da-ccm-tecnologia\/\" \/>\n<meta property=\"og:locale\" content=\"en_US\" \/>\n<meta property=\"og:type\" content=\"article\" \/>\n<meta property=\"og:title\" content=\"DBK visita sede da CCM Tecnologia - DBK\" \/>\n<meta property=\"og:description\" content=\"O CEO e o Diretor de Intelig\u00eancia de Mercado da DBK, Ricardo Costin e Raphael Galante, estiveram em Ribeir\u00e3o Preto para visita \u00e0 sede da CCM Tecnologia. Na oportunidade eles apresentaram um panorama do mercado automotivo e de compra e venda de concession\u00e1rias para toda equipe da CCM, fortalecendo os projetos que est\u00e3o sendo constru\u00eddos [&hellip;]\" \/>\n<meta property=\"og:url\" content=\"https:\/\/www.dbk.net.br\/en\/blog\/dbk-visita-sede-da-ccm-tecnologia\/\" \/>\n<meta property=\"og:site_name\" content=\"DBK\" \/>\n<meta property=\"article:published_time\" content=\"2023-12-13T17:07:11+00:00\" \/>\n<meta property=\"article:modified_time\" content=\"2024-02-09T00:45:11+00:00\" \/>\n<meta property=\"og:image\" content=\"https:\/\/www.dbk.net.br\/wp-content\/uploads\/2023\/12\/image_1236502912.jpg\" \/>\n\t<meta property=\"og:image:width\" content=\"905\" \/>\n\t<meta property=\"og:image:height\" content=\"599\" \/>\n\t<meta property=\"og:image:type\" content=\"image\/jpeg\" \/>\n<meta name=\"author\" content=\"Agenor Ferane\" \/>\n<meta name=\"twitter:card\" content=\"summary_large_image\" \/>\n<meta name=\"twitter:label1\" content=\"Written by\" \/>\n\t<meta name=\"twitter:data1\" content=\"Agenor Ferane\" \/>\n\t<meta name=\"twitter:label2\" content=\"Est. reading time\" \/>\n\t<meta name=\"twitter:data2\" content=\"1 minute\" \/>\n<script type=\"application\/ld+json\" class=\"yoast-schema-graph\">{\"@context\":\"https:\/\/schema.org\",\"@graph\":[{\"@type\":\"WebPage\",\"@id\":\"https:\/\/www.dbk.net.br\/blog\/dbk-visita-sede-da-ccm-tecnologia\/\",\"url\":\"https:\/\/www.dbk.net.br\/blog\/dbk-visita-sede-da-ccm-tecnologia\/\",\"name\":\"DBK visita sede da CCM Tecnologia - DBK\",\"isPartOf\":{\"@id\":\"https:\/\/www.dbk.net.br\/#website\"},\"primaryImageOfPage\":{\"@id\":\"https:\/\/www.dbk.net.br\/blog\/dbk-visita-sede-da-ccm-tecnologia\/#primaryimage\"},\"image\":{\"@id\":\"https:\/\/www.dbk.net.br\/blog\/dbk-visita-sede-da-ccm-tecnologia\/#primaryimage\"},\"thumbnailUrl\":\"https:\/\/www.dbk.net.br\/wp-content\/uploads\/2023\/12\/image_1236502912.jpg\",\"datePublished\":\"2023-12-13T17:07:11+00:00\",\"dateModified\":\"2024-02-09T00:45:11+00:00\",\"author\":{\"@id\":\"https:\/\/www.dbk.net.br\/#\/schema\/person\/cd457086c7388558d43df03aa15ae38d\"},\"breadcrumb\":{\"@id\":\"https:\/\/www.dbk.net.br\/blog\/dbk-visita-sede-da-ccm-tecnologia\/#breadcrumb\"},\"inLanguage\":\"en-US\",\"potentialAction\":[{\"@type\":\"ReadAction\",\"target\":[\"https:\/\/www.dbk.net.br\/blog\/dbk-visita-sede-da-ccm-tecnologia\/\"]}]},{\"@type\":\"ImageObject\",\"inLanguage\":\"en-US\",\"@id\":\"https:\/\/www.dbk.net.br\/blog\/dbk-visita-sede-da-ccm-tecnologia\/#primaryimage\",\"url\":\"https:\/\/www.dbk.net.br\/wp-content\/uploads\/2023\/12\/image_1236502912.jpg\",\"contentUrl\":\"https:\/\/www.dbk.net.br\/wp-content\/uploads\/2023\/12\/image_1236502912.jpg\",\"width\":905,\"height\":599},{\"@type\":\"BreadcrumbList\",\"@id\":\"https:\/\/www.dbk.net.br\/blog\/dbk-visita-sede-da-ccm-tecnologia\/#breadcrumb\",\"itemListElement\":[{\"@type\":\"ListItem\",\"position\":1,\"name\":\"In\u00edcio\",\"item\":\"https:\/\/www.dbk.net.br\/\"},{\"@type\":\"ListItem\",\"position\":2,\"name\":\"DBK visita sede da CCM Tecnologia\"}]},{\"@type\":\"WebSite\",\"@id\":\"https:\/\/www.dbk.net.br\/#website\",\"url\":\"https:\/\/www.dbk.net.br\/\",\"name\":\"DBK\",\"description\":\"Dealership Brokers\",\"potentialAction\":[{\"@type\":\"SearchAction\",\"target\":{\"@type\":\"EntryPoint\",\"urlTemplate\":\"https:\/\/www.dbk.net.br\/?s={search_term_string}\"},\"query-input\":{\"@type\":\"PropertyValueSpecification\",\"valueRequired\":true,\"valueName\":\"search_term_string\"}}],\"inLanguage\":\"en-US\"},{\"@type\":\"Person\",\"@id\":\"https:\/\/www.dbk.net.br\/#\/schema\/person\/cd457086c7388558d43df03aa15ae38d\",\"name\":\"Agenor Ferane\",\"image\":{\"@type\":\"ImageObject\",\"inLanguage\":\"en-US\",\"@id\":\"https:\/\/www.dbk.net.br\/#\/schema\/person\/image\/\",\"url\":\"https:\/\/secure.gravatar.com\/avatar\/6fba16e55e52adc5f8be1d35aca137de0486b8604c4804eed9df85560a0732fe?s=96&d=mm&r=g\",\"contentUrl\":\"https:\/\/secure.gravatar.com\/avatar\/6fba16e55e52adc5f8be1d35aca137de0486b8604c4804eed9df85560a0732fe?s=96&d=mm&r=g\",\"caption\":\"Agenor Ferane\"},\"sameAs\":[\"http:\/\/www.ncoisas.digital\"],\"url\":\"https:\/\/www.dbk.net.br\/en\/author\/agenorferane\/\"}]}<\/script>\n<!-- \/ Yoast SEO plugin. -->","yoast_head_json":{"title":"DBK visita sede da CCM Tecnologia - DBK","robots":{"index":"index","follow":"follow","max-snippet":"max-snippet:-1","max-image-preview":"max-image-preview:large","max-video-preview":"max-video-preview:-1"},"canonical":"https:\/\/www.dbk.net.br\/en\/blog\/dbk-visita-sede-da-ccm-tecnologia\/","og_locale":"en_US","og_type":"article","og_title":"DBK visita sede da CCM Tecnologia - DBK","og_description":"O CEO e o Diretor de Intelig\u00eancia de Mercado da DBK, Ricardo Costin e Raphael Galante, estiveram em Ribeir\u00e3o Preto para visita \u00e0 sede da CCM Tecnologia. Na oportunidade eles apresentaram um panorama do mercado automotivo e de compra e venda de concession\u00e1rias para toda equipe da CCM, fortalecendo os projetos que est\u00e3o sendo constru\u00eddos [&hellip;]","og_url":"https:\/\/www.dbk.net.br\/en\/blog\/dbk-visita-sede-da-ccm-tecnologia\/","og_site_name":"DBK","article_published_time":"2023-12-13T17:07:11+00:00","article_modified_time":"2024-02-09T00:45:11+00:00","og_image":[{"width":905,"height":599,"url":"https:\/\/www.dbk.net.br\/wp-content\/uploads\/2023\/12\/image_1236502912.jpg","type":"image\/jpeg"}],"author":"Agenor Ferane","twitter_card":"summary_large_image","twitter_misc":{"Written by":"Agenor Ferane","Est. reading time":"1 minute"},"schema":{"@context":"https:\/\/schema.org","@graph":[{"@type":"WebPage","@id":"https:\/\/www.dbk.net.br\/blog\/dbk-visita-sede-da-ccm-tecnologia\/","url":"https:\/\/www.dbk.net.br\/blog\/dbk-visita-sede-da-ccm-tecnologia\/","name":"DBK visita sede da CCM Tecnologia - DBK","isPartOf":{"@id":"https:\/\/www.dbk.net.br\/#website"},"primaryImageOfPage":{"@id":"https:\/\/www.dbk.net.br\/blog\/dbk-visita-sede-da-ccm-tecnologia\/#primaryimage"},"image":{"@id":"https:\/\/www.dbk.net.br\/blog\/dbk-visita-sede-da-ccm-tecnologia\/#primaryimage"},"thumbnailUrl":"https:\/\/www.dbk.net.br\/wp-content\/uploads\/2023\/12\/image_1236502912.jpg","datePublished":"2023-12-13T17:07:11+00:00","dateModified":"2024-02-09T00:45:11+00:00","author":{"@id":"https:\/\/www.dbk.net.br\/#\/schema\/person\/cd457086c7388558d43df03aa15ae38d"},"breadcrumb":{"@id":"https:\/\/www.dbk.net.br\/blog\/dbk-visita-sede-da-ccm-tecnologia\/#breadcrumb"},"inLanguage":"en-US","potentialAction":[{"@type":"ReadAction","target":["https:\/\/www.dbk.net.br\/blog\/dbk-visita-sede-da-ccm-tecnologia\/"]}]},{"@type":"ImageObject","inLanguage":"en-US","@id":"https:\/\/www.dbk.net.br\/blog\/dbk-visita-sede-da-ccm-tecnologia\/#primaryimage","url":"https:\/\/www.dbk.net.br\/wp-content\/uploads\/2023\/12\/image_1236502912.jpg","contentUrl":"https:\/\/www.dbk.net.br\/wp-content\/uploads\/2023\/12\/image_1236502912.jpg","width":905,"height":599},{"@type":"BreadcrumbList","@id":"https:\/\/www.dbk.net.br\/blog\/dbk-visita-sede-da-ccm-tecnologia\/#breadcrumb","itemListElement":[{"@type":"ListItem","position":1,"name":"In\u00edcio","item":"https:\/\/www.dbk.net.br\/"},{"@type":"ListItem","position":2,"name":"DBK visita sede da CCM Tecnologia"}]},{"@type":"WebSite","@id":"https:\/\/www.dbk.net.br\/#website","url":"https:\/\/www.dbk.net.br\/","name":"DBK","description":"Dealership Brokers","potentialAction":[{"@type":"SearchAction","target":{"@type":"EntryPoint","urlTemplate":"https:\/\/www.dbk.net.br\/?s={search_term_string}"},"query-input":{"@type":"PropertyValueSpecification","valueRequired":true,"valueName":"search_term_string"}}],"inLanguage":"en-US"},{"@type":"Person","@id":"https:\/\/www.dbk.net.br\/#\/schema\/person\/cd457086c7388558d43df03aa15ae38d","name":"Agenor Ferane","image":{"@type":"ImageObject","inLanguage":"en-US","@id":"https:\/\/www.dbk.net.br\/#\/schema\/person\/image\/","url":"https:\/\/secure.gravatar.com\/avatar\/6fba16e55e52adc5f8be1d35aca137de0486b8604c4804eed9df85560a0732fe?s=96&d=mm&r=g","contentUrl":"https:\/\/secure.gravatar.com\/avatar\/6fba16e55e52adc5f8be1d35aca137de0486b8604c4804eed9df85560a0732fe?s=96&d=mm&r=g","caption":"Agenor Ferane"},"sameAs":["http:\/\/www.ncoisas.digital"],"url":"https:\/\/www.dbk.net.br\/en\/author\/agenorferane\/"}]}},"_links":{"self":[{"href":"https:\/\/www.dbk.net.br\/en\/wp-json\/wp\/v2\/posts\/2817","targetHints":{"allow":["GET"]}}],"collection":[{"href":"https:\/\/www.dbk.net.br\/en\/wp-json\/wp\/v2\/posts"}],"about":[{"href":"https:\/\/www.dbk.net.br\/en\/wp-json\/wp\/v2\/types\/post"}],"author":[{"embeddable":true,"href":"https:\/\/www.dbk.net.br\/en\/wp-json\/wp\/v2\/users\/6"}],"replies":[{"embeddable":true,"href":"https:\/\/www.dbk.net.br\/en\/wp-json\/wp\/v2\/comments?post=2817"}],"version-history":[{"count":2,"href":"https:\/\/www.dbk.net.br\/en\/wp-json\/wp\/v2\/posts\/2817\/revisions"}],"predecessor-version":[{"id":2824,"href":"https:\/\/www.dbk.net.br\/en\/wp-json\/wp\/v2\/posts\/2817\/revisions\/2824"}],"wp:featuredmedia":[{"embeddable":true,"href":"https:\/\/www.dbk.net.br\/en\/wp-json\/wp\/v2\/media\/2825"}],"wp:attachment":[{"href":"https:\/\/www.dbk.net.br\/en\/wp-json\/wp\/v2\/media?parent=2817"}],"wp:term":[{"taxonomy":"category","embeddable":true,"href":"https:\/\/www.dbk.net.br\/en\/wp-json\/wp\/v2\/categories?post=2817"},{"taxonomy":"post_tag","embeddable":true,"href":"https:\/\/www.dbk.net.br\/en\/wp-json\/wp\/v2\/tags?post=2817"}],"curies":[{"name":"wp","href":"https:\/\/api.w.org\/{rel}","templated":true}]}}