
{"id":2656,"date":"2023-10-09T10:23:58","date_gmt":"2023-10-09T13:23:58","guid":{"rendered":"https:\/\/www.dbk.net.br\/?p=2656"},"modified":"2023-10-11T10:49:50","modified_gmt":"2023-10-11T13:49:50","slug":"byd-crava-pedra-fundamental-da-fabrica-de-veiculos-eletricos-no-brasil","status":"publish","type":"post","link":"https:\/\/www.dbk.net.br\/en\/blog\/byd-crava-pedra-fundamental-da-fabrica-de-veiculos-eletricos-no-brasil\/","title":{"rendered":"BYD crava pedra fundamental da f\u00e1brica de ve\u00edculos el\u00e9tricos no Brasil"},"content":{"rendered":"<h3 style=\"text-align: left;\">Companhia chinesa pretende aumentar investimento e dobrar produ\u00e7\u00e3o ap\u00f3s ciclo inicial<\/h3>\n<p style=\"text-align: left;\">A chinesa BYD concretiza em cerim\u00f4nia nesta segunda-feira (9) a negocia\u00e7\u00e3o para assumir o complexo industrial em Cama\u00e7ari (BA), que antes pertencia \u00e0 montadora americana Ford. Com expectativa de investir R$ 3 bilh\u00f5es, a companhia conseguiu est\u00edmulos fiscais do governo estadual e pretende dobrar sua produ\u00e7\u00e3o ap\u00f3s 2024.<\/p>\n<p style=\"text-align: left;\">A empresa deve concluir o ciclo inicial de investimentos entre o fim de 2024 e o come\u00e7o de 2025, com a finaliza\u00e7\u00e3o de uma f\u00e1brica de carros el\u00e9tricos e h\u00edbridos, outra de caminh\u00f5es e chassi de \u00f4nibus e uma terceira de beneficiamento de l\u00edtio para baterias. A expectativa \u00e9 de uma produ\u00e7\u00e3o inicial de 150 mil ve\u00edculos. Segundo o conselheiro especialista da companhia no Brasil, Alexandre Baldy, a meta \u00e9 aumentar a produ\u00e7\u00e3o para 300 mil carros ap\u00f3s o primeiro ciclo.<\/p>\n<p style=\"text-align: left;\">Entre os ve\u00edculos de passeio, a montadora fabricar\u00e1 o BYD Dolphin, o BYD Song Plus e o BYD Yuan Plus em suas f\u00e1bricas.<\/p>\n<p style=\"text-align: left;\">O governo baiano j\u00e1 havia anunciado na \u00faltima quarta-feira (4) o acordo de revers\u00e3o com a Ford para retomar o controle do complexo como uma forma de resolver o impasse entre as montadoras sobre a troca do controle.<\/p>\n<p style=\"text-align: left;\">O governador do Estado da Bahia, Jer\u00f4nimo Rodrigues, assinou um projeto de lei pactuado com a companhia chinesa que prev\u00ea a isen\u00e7\u00e3o de 100% do IPVA de ve\u00edculos el\u00e9tricos at\u00e9 R$ 300 mil e fixar em 2,5% o imposto para aqueles acima de R$ 300 mil. O PL ser\u00e1 encaminhado \u00e0 assembleia legislativa da Bahia.<\/p>\n<p style=\"text-align: left;\">O mandat\u00e1rio estadual tamb\u00e9m disse que os governos federal e estadual devem comprar ve\u00edculos da companhia em trocas de frota de carros e \u00f4nibus.<\/p>\n<p style=\"text-align: left;\">O CEO global da empresa, Wang Chuanfu, que conversou por telefone com o presidente Lula antes da cerim\u00f4nia, diz que a vinda da empresa para o Brasil representa a reconstru\u00e7\u00e3o da ind\u00fastria automotiva no pa\u00eds.<\/p>\n<p style=\"text-align: left;\">Toda a cerim\u00f4nia foi regida pelo clima de mistura entre Bahia e China. Na abertura, o vice-presidente Geraldo Alckmin literalmente entrou na roda do Grupo Roda de Samba, que se apresentava no palco.<\/p>\n<p style=\"text-align: left;\">A CEO da BYD nas Am\u00e9ricas, Stella Li, diz que a empresa espera atrair novos neg\u00f3cios e fomentar o desenvolvimento local e a tecnologia, no que espera tornar o \u201cVale do Sil\u00edcio brasileiro\u201d. Al\u00e9m do investimento em f\u00e1bricas, a companhia tamb\u00e9m criar\u00e1 um centro de pesquisas na Bahia focado no desenvolvimento de um modelo de ve\u00edculo h\u00edbrido \u00e0 base de etanol.<\/p>\n<p style=\"text-align: left;\">Essa \u00e9 a segunda f\u00e1brica de ve\u00edculos da companhia fora da China. Como relatou ao InfoMoney anteriormente, o conselheiro especialista da companhia no Brasil, Alexandre Baldy, a empresa poderia ter ido ao M\u00e9xico, mas preferiu o Brasil devido ao peso simb\u00f3lico de ser o \u201cpa\u00eds da Amaz\u00f4nia\u201d.<\/p>\n<p><strong>Fonte:<\/strong> <a href=\"https:\/\/www.infomoney.com.br\/business\/byd-crava-pedra-fundamental-da-fabrica-de-veiculos-eletricos-no-brasil\/\">https:\/\/www.infomoney.com.br\/business\/byd-crava-pedra-fundamental-da-fabrica-de-veiculos-eletricos-no-brasil\/<\/a><\/p>\n<p>&nbsp;<\/p>","protected":false},"excerpt":{"rendered":"<p>Companhia chinesa pretende aumentar investimento e dobrar produ\u00e7\u00e3o ap\u00f3s ciclo inicial A chinesa BYD concretiza em cerim\u00f4nia nesta segunda-feira (9) a negocia\u00e7\u00e3o para assumir o complexo industrial em Cama\u00e7ari (BA), que antes pertencia \u00e0 montadora americana Ford. Com expectativa de investir R$ 3 bilh\u00f5es, a companhia conseguiu est\u00edmulos fiscais do governo estadual e pretende dobrar [&hellip;]<\/p>","protected":false},"author":6,"featured_media":2657,"comment_status":"open","ping_status":"open","sticky":false,"template":"","format":"standard","meta":{"_acf_changed":false,"footnotes":""},"categories":[2],"tags":[],"class_list":["post-2656","post","type-post","status-publish","format-standard","has-post-thumbnail","hentry","category-blog"],"acf":[],"yoast_head":"<!-- This site is optimized with the Yoast SEO plugin v26.6 - https:\/\/yoast.com\/wordpress\/plugins\/seo\/ -->\n<title>BYD crava pedra fundamental da f\u00e1brica de ve\u00edculos el\u00e9tricos no Brasil - DBK<\/title>\n<meta name=\"robots\" content=\"index, follow, max-snippet:-1, max-image-preview:large, max-video-preview:-1\" \/>\n<link rel=\"canonical\" href=\"https:\/\/www.dbk.net.br\/en\/blog\/byd-crava-pedra-fundamental-da-fabrica-de-veiculos-eletricos-no-brasil\/\" \/>\n<meta property=\"og:locale\" content=\"en_US\" \/>\n<meta property=\"og:type\" content=\"article\" \/>\n<meta property=\"og:title\" content=\"BYD crava pedra fundamental da f\u00e1brica de ve\u00edculos el\u00e9tricos no Brasil - DBK\" \/>\n<meta property=\"og:description\" content=\"Companhia chinesa pretende aumentar investimento e dobrar produ\u00e7\u00e3o ap\u00f3s ciclo inicial A chinesa BYD concretiza em cerim\u00f4nia nesta segunda-feira (9) a negocia\u00e7\u00e3o para assumir o complexo industrial em Cama\u00e7ari (BA), que antes pertencia \u00e0 montadora americana Ford. Com expectativa de investir R$ 3 bilh\u00f5es, a companhia conseguiu est\u00edmulos fiscais do governo estadual e pretende dobrar [&hellip;]\" \/>\n<meta property=\"og:url\" content=\"https:\/\/www.dbk.net.br\/en\/blog\/byd-crava-pedra-fundamental-da-fabrica-de-veiculos-eletricos-no-brasil\/\" \/>\n<meta property=\"og:site_name\" content=\"DBK\" \/>\n<meta property=\"article:published_time\" content=\"2023-10-09T13:23:58+00:00\" \/>\n<meta property=\"article:modified_time\" content=\"2023-10-11T13:49:50+00:00\" \/>\n<meta property=\"og:image\" content=\"https:\/\/www.dbk.net.br\/wp-content\/uploads\/2023\/10\/fabrica-da-byd-china.jpg\" \/>\n\t<meta property=\"og:image:width\" content=\"1280\" \/>\n\t<meta property=\"og:image:height\" content=\"720\" \/>\n\t<meta property=\"og:image:type\" content=\"image\/jpeg\" \/>\n<meta name=\"author\" content=\"Agenor Ferane\" \/>\n<meta name=\"twitter:card\" content=\"summary_large_image\" \/>\n<meta name=\"twitter:label1\" content=\"Written by\" \/>\n\t<meta name=\"twitter:data1\" content=\"Agenor Ferane\" \/>\n\t<meta name=\"twitter:label2\" content=\"Est. reading time\" \/>\n\t<meta name=\"twitter:data2\" content=\"3 minutes\" \/>\n<script type=\"application\/ld+json\" class=\"yoast-schema-graph\">{\"@context\":\"https:\/\/schema.org\",\"@graph\":[{\"@type\":\"WebPage\",\"@id\":\"https:\/\/www.dbk.net.br\/blog\/byd-crava-pedra-fundamental-da-fabrica-de-veiculos-eletricos-no-brasil\/\",\"url\":\"https:\/\/www.dbk.net.br\/blog\/byd-crava-pedra-fundamental-da-fabrica-de-veiculos-eletricos-no-brasil\/\",\"name\":\"BYD crava pedra fundamental da f\u00e1brica de ve\u00edculos el\u00e9tricos no Brasil - DBK\",\"isPartOf\":{\"@id\":\"https:\/\/www.dbk.net.br\/#website\"},\"primaryImageOfPage\":{\"@id\":\"https:\/\/www.dbk.net.br\/blog\/byd-crava-pedra-fundamental-da-fabrica-de-veiculos-eletricos-no-brasil\/#primaryimage\"},\"image\":{\"@id\":\"https:\/\/www.dbk.net.br\/blog\/byd-crava-pedra-fundamental-da-fabrica-de-veiculos-eletricos-no-brasil\/#primaryimage\"},\"thumbnailUrl\":\"https:\/\/www.dbk.net.br\/wp-content\/uploads\/2023\/10\/fabrica-da-byd-china.jpg\",\"datePublished\":\"2023-10-09T13:23:58+00:00\",\"dateModified\":\"2023-10-11T13:49:50+00:00\",\"author\":{\"@id\":\"https:\/\/www.dbk.net.br\/#\/schema\/person\/cd457086c7388558d43df03aa15ae38d\"},\"breadcrumb\":{\"@id\":\"https:\/\/www.dbk.net.br\/blog\/byd-crava-pedra-fundamental-da-fabrica-de-veiculos-eletricos-no-brasil\/#breadcrumb\"},\"inLanguage\":\"en-US\",\"potentialAction\":[{\"@type\":\"ReadAction\",\"target\":[\"https:\/\/www.dbk.net.br\/blog\/byd-crava-pedra-fundamental-da-fabrica-de-veiculos-eletricos-no-brasil\/\"]}]},{\"@type\":\"ImageObject\",\"inLanguage\":\"en-US\",\"@id\":\"https:\/\/www.dbk.net.br\/blog\/byd-crava-pedra-fundamental-da-fabrica-de-veiculos-eletricos-no-brasil\/#primaryimage\",\"url\":\"https:\/\/www.dbk.net.br\/wp-content\/uploads\/2023\/10\/fabrica-da-byd-china.jpg\",\"contentUrl\":\"https:\/\/www.dbk.net.br\/wp-content\/uploads\/2023\/10\/fabrica-da-byd-china.jpg\",\"width\":1280,\"height\":720},{\"@type\":\"BreadcrumbList\",\"@id\":\"https:\/\/www.dbk.net.br\/blog\/byd-crava-pedra-fundamental-da-fabrica-de-veiculos-eletricos-no-brasil\/#breadcrumb\",\"itemListElement\":[{\"@type\":\"ListItem\",\"position\":1,\"name\":\"In\u00edcio\",\"item\":\"https:\/\/www.dbk.net.br\/\"},{\"@type\":\"ListItem\",\"position\":2,\"name\":\"BYD crava pedra fundamental da f\u00e1brica de ve\u00edculos el\u00e9tricos no Brasil\"}]},{\"@type\":\"WebSite\",\"@id\":\"https:\/\/www.dbk.net.br\/#website\",\"url\":\"https:\/\/www.dbk.net.br\/\",\"name\":\"DBK\",\"description\":\"Dealership Brokers\",\"potentialAction\":[{\"@type\":\"SearchAction\",\"target\":{\"@type\":\"EntryPoint\",\"urlTemplate\":\"https:\/\/www.dbk.net.br\/?s={search_term_string}\"},\"query-input\":{\"@type\":\"PropertyValueSpecification\",\"valueRequired\":true,\"valueName\":\"search_term_string\"}}],\"inLanguage\":\"en-US\"},{\"@type\":\"Person\",\"@id\":\"https:\/\/www.dbk.net.br\/#\/schema\/person\/cd457086c7388558d43df03aa15ae38d\",\"name\":\"Agenor Ferane\",\"image\":{\"@type\":\"ImageObject\",\"inLanguage\":\"en-US\",\"@id\":\"https:\/\/www.dbk.net.br\/#\/schema\/person\/image\/\",\"url\":\"https:\/\/secure.gravatar.com\/avatar\/6fba16e55e52adc5f8be1d35aca137de0486b8604c4804eed9df85560a0732fe?s=96&d=mm&r=g\",\"contentUrl\":\"https:\/\/secure.gravatar.com\/avatar\/6fba16e55e52adc5f8be1d35aca137de0486b8604c4804eed9df85560a0732fe?s=96&d=mm&r=g\",\"caption\":\"Agenor Ferane\"},\"sameAs\":[\"http:\/\/www.ncoisas.digital\"],\"url\":\"https:\/\/www.dbk.net.br\/en\/author\/agenorferane\/\"}]}<\/script>\n<!-- \/ Yoast SEO plugin. -->","yoast_head_json":{"title":"BYD crava pedra fundamental da f\u00e1brica de ve\u00edculos el\u00e9tricos no Brasil - DBK","robots":{"index":"index","follow":"follow","max-snippet":"max-snippet:-1","max-image-preview":"max-image-preview:large","max-video-preview":"max-video-preview:-1"},"canonical":"https:\/\/www.dbk.net.br\/en\/blog\/byd-crava-pedra-fundamental-da-fabrica-de-veiculos-eletricos-no-brasil\/","og_locale":"en_US","og_type":"article","og_title":"BYD crava pedra fundamental da f\u00e1brica de ve\u00edculos el\u00e9tricos no Brasil - DBK","og_description":"Companhia chinesa pretende aumentar investimento e dobrar produ\u00e7\u00e3o ap\u00f3s ciclo inicial A chinesa BYD concretiza em cerim\u00f4nia nesta segunda-feira (9) a negocia\u00e7\u00e3o para assumir o complexo industrial em Cama\u00e7ari (BA), que antes pertencia \u00e0 montadora americana Ford. Com expectativa de investir R$ 3 bilh\u00f5es, a companhia conseguiu est\u00edmulos fiscais do governo estadual e pretende dobrar [&hellip;]","og_url":"https:\/\/www.dbk.net.br\/en\/blog\/byd-crava-pedra-fundamental-da-fabrica-de-veiculos-eletricos-no-brasil\/","og_site_name":"DBK","article_published_time":"2023-10-09T13:23:58+00:00","article_modified_time":"2023-10-11T13:49:50+00:00","og_image":[{"width":1280,"height":720,"url":"https:\/\/www.dbk.net.br\/wp-content\/uploads\/2023\/10\/fabrica-da-byd-china.jpg","type":"image\/jpeg"}],"author":"Agenor Ferane","twitter_card":"summary_large_image","twitter_misc":{"Written by":"Agenor Ferane","Est. reading time":"3 minutes"},"schema":{"@context":"https:\/\/schema.org","@graph":[{"@type":"WebPage","@id":"https:\/\/www.dbk.net.br\/blog\/byd-crava-pedra-fundamental-da-fabrica-de-veiculos-eletricos-no-brasil\/","url":"https:\/\/www.dbk.net.br\/blog\/byd-crava-pedra-fundamental-da-fabrica-de-veiculos-eletricos-no-brasil\/","name":"BYD crava pedra fundamental da f\u00e1brica de ve\u00edculos el\u00e9tricos no Brasil - DBK","isPartOf":{"@id":"https:\/\/www.dbk.net.br\/#website"},"primaryImageOfPage":{"@id":"https:\/\/www.dbk.net.br\/blog\/byd-crava-pedra-fundamental-da-fabrica-de-veiculos-eletricos-no-brasil\/#primaryimage"},"image":{"@id":"https:\/\/www.dbk.net.br\/blog\/byd-crava-pedra-fundamental-da-fabrica-de-veiculos-eletricos-no-brasil\/#primaryimage"},"thumbnailUrl":"https:\/\/www.dbk.net.br\/wp-content\/uploads\/2023\/10\/fabrica-da-byd-china.jpg","datePublished":"2023-10-09T13:23:58+00:00","dateModified":"2023-10-11T13:49:50+00:00","author":{"@id":"https:\/\/www.dbk.net.br\/#\/schema\/person\/cd457086c7388558d43df03aa15ae38d"},"breadcrumb":{"@id":"https:\/\/www.dbk.net.br\/blog\/byd-crava-pedra-fundamental-da-fabrica-de-veiculos-eletricos-no-brasil\/#breadcrumb"},"inLanguage":"en-US","potentialAction":[{"@type":"ReadAction","target":["https:\/\/www.dbk.net.br\/blog\/byd-crava-pedra-fundamental-da-fabrica-de-veiculos-eletricos-no-brasil\/"]}]},{"@type":"ImageObject","inLanguage":"en-US","@id":"https:\/\/www.dbk.net.br\/blog\/byd-crava-pedra-fundamental-da-fabrica-de-veiculos-eletricos-no-brasil\/#primaryimage","url":"https:\/\/www.dbk.net.br\/wp-content\/uploads\/2023\/10\/fabrica-da-byd-china.jpg","contentUrl":"https:\/\/www.dbk.net.br\/wp-content\/uploads\/2023\/10\/fabrica-da-byd-china.jpg","width":1280,"height":720},{"@type":"BreadcrumbList","@id":"https:\/\/www.dbk.net.br\/blog\/byd-crava-pedra-fundamental-da-fabrica-de-veiculos-eletricos-no-brasil\/#breadcrumb","itemListElement":[{"@type":"ListItem","position":1,"name":"In\u00edcio","item":"https:\/\/www.dbk.net.br\/"},{"@type":"ListItem","position":2,"name":"BYD crava pedra fundamental da f\u00e1brica de ve\u00edculos el\u00e9tricos no Brasil"}]},{"@type":"WebSite","@id":"https:\/\/www.dbk.net.br\/#website","url":"https:\/\/www.dbk.net.br\/","name":"DBK","description":"Dealership Brokers","potentialAction":[{"@type":"SearchAction","target":{"@type":"EntryPoint","urlTemplate":"https:\/\/www.dbk.net.br\/?s={search_term_string}"},"query-input":{"@type":"PropertyValueSpecification","valueRequired":true,"valueName":"search_term_string"}}],"inLanguage":"en-US"},{"@type":"Person","@id":"https:\/\/www.dbk.net.br\/#\/schema\/person\/cd457086c7388558d43df03aa15ae38d","name":"Agenor Ferane","image":{"@type":"ImageObject","inLanguage":"en-US","@id":"https:\/\/www.dbk.net.br\/#\/schema\/person\/image\/","url":"https:\/\/secure.gravatar.com\/avatar\/6fba16e55e52adc5f8be1d35aca137de0486b8604c4804eed9df85560a0732fe?s=96&d=mm&r=g","contentUrl":"https:\/\/secure.gravatar.com\/avatar\/6fba16e55e52adc5f8be1d35aca137de0486b8604c4804eed9df85560a0732fe?s=96&d=mm&r=g","caption":"Agenor Ferane"},"sameAs":["http:\/\/www.ncoisas.digital"],"url":"https:\/\/www.dbk.net.br\/en\/author\/agenorferane\/"}]}},"_links":{"self":[{"href":"https:\/\/www.dbk.net.br\/en\/wp-json\/wp\/v2\/posts\/2656","targetHints":{"allow":["GET"]}}],"collection":[{"href":"https:\/\/www.dbk.net.br\/en\/wp-json\/wp\/v2\/posts"}],"about":[{"href":"https:\/\/www.dbk.net.br\/en\/wp-json\/wp\/v2\/types\/post"}],"author":[{"embeddable":true,"href":"https:\/\/www.dbk.net.br\/en\/wp-json\/wp\/v2\/users\/6"}],"replies":[{"embeddable":true,"href":"https:\/\/www.dbk.net.br\/en\/wp-json\/wp\/v2\/comments?post=2656"}],"version-history":[{"count":3,"href":"https:\/\/www.dbk.net.br\/en\/wp-json\/wp\/v2\/posts\/2656\/revisions"}],"predecessor-version":[{"id":2673,"href":"https:\/\/www.dbk.net.br\/en\/wp-json\/wp\/v2\/posts\/2656\/revisions\/2673"}],"wp:featuredmedia":[{"embeddable":true,"href":"https:\/\/www.dbk.net.br\/en\/wp-json\/wp\/v2\/media\/2657"}],"wp:attachment":[{"href":"https:\/\/www.dbk.net.br\/en\/wp-json\/wp\/v2\/media?parent=2656"}],"wp:term":[{"taxonomy":"category","embeddable":true,"href":"https:\/\/www.dbk.net.br\/en\/wp-json\/wp\/v2\/categories?post=2656"},{"taxonomy":"post_tag","embeddable":true,"href":"https:\/\/www.dbk.net.br\/en\/wp-json\/wp\/v2\/tags?post=2656"}],"curies":[{"name":"wp","href":"https:\/\/api.w.org\/{rel}","templated":true}]}}