
{"id":2425,"date":"2023-06-02T16:36:14","date_gmt":"2023-06-02T19:36:14","guid":{"rendered":"https:\/\/www.dbk.net.br\/?p=2425"},"modified":"2023-06-09T13:46:12","modified_gmt":"2023-06-09T16:46:12","slug":"como-a-inercia-do-governo-travou-o-mercado-automotivo-no-mes-de-maio","status":"publish","type":"post","link":"https:\/\/www.dbk.net.br\/en\/blog\/como-a-inercia-do-governo-travou-o-mercado-automotivo-no-mes-de-maio\/","title":{"rendered":"Como a in\u00e9rcia do governo travou o mercado automotivo no m\u00eas de maio"},"content":{"rendered":"<h3>Falta de a\u00e7\u00e3o do governo em rela\u00e7\u00e3o ao acordo automotivo fez com que cerca de 25 mil a 30 mil consumidores adiassem a compra de carros no m\u00eas<\/h3>\n<p><span style=\"font-weight: 400;\">Eis que, finalizado o m\u00eas de maio, o buchicho do setor \u00e9 o acordo automotivo que o governo federal implementar\u00e1 em algum momento no meio do m\u00eas de junho.<\/span><\/p>\n<p><span style=\"font-weight: 400;\">Antes de mais nada, deixamos clara nossa posi\u00e7\u00e3o: qualquer medida que beneficie o consumidor ao adquirir algum bem e\/ou servi\u00e7o ter\u00e1 sempre nosso apoio incondicional! Afinal, se imposto fosse bom, ele n\u00e3o teria esse nome (IMPOSTO = OBRIGAT\u00d3RIO = COMPULS\u00d3RIO = MANDAT\u00d3RIO), ele se chamaria \u201cFACULTATIVO\u201d.<\/span><\/p>\n<p><span style=\"font-weight: 400;\">Dito isto, o Governo Federal decidiu, no meio do m\u00eas passado, desonerar (???) o setor automotivo!<\/span><\/p>\n<p><span style=\"font-weight: 400;\">Como? O estagi\u00e1rio \u00e9 a favor da desonera\u00e7\u00e3o e est\u00e1 criticando? N\u00e3o precisa ficar surpreso! Explicarei: a\u00a0medida foi (ser\u00e1?) boa, mas o timing foi terr\u00edvel (para dizer o m\u00ednimo)\u2026<\/span><\/p>\n<p><span style=\"font-weight: 400;\">O que aconteceu no setor:<\/span><\/p>\n<p><span style=\"font-weight: 400;\">No final de abril e in\u00edcio de maio, as pessoas da ind\u00fastria estavam especulando sobre como seriam as vendas do m\u00eas de maio \u2013 como um boletim Focus (paralelo) do setor. O consenso era que maio seria um m\u00eas com um volume de 190 mil carros (os otimistas apontavam para 195 mil carros).<\/span><\/p>\n<p><span style=\"font-weight: 400;\">O mercado de ve\u00edculos em maio teria um crescimento de cerca de 25% em rela\u00e7\u00e3o a abril, ou 8% em rela\u00e7\u00e3o a maio do ano passado. O que n\u00e3o era ruim\u2026<\/span><\/p>\n<p><span style=\"font-weight: 400;\">O que aconteceu?<\/span><\/p>\n<p><span style=\"font-weight: 400;\">Maio fechou com 166,3 mil carros vendidos, um aumento de 9,7% em rela\u00e7\u00e3o a abril (quando foram vendidos 151,7 mil carros) e uma queda de 4,9% em rela\u00e7\u00e3o a maio do ano passado, quando foram vendidos 174,8 mil carros.<\/span><\/p>\n<p><span style=\"font-weight: 400;\">Mas o que causou essa queda?\u00a0O governo (com seu timing terr\u00edvel) aconteceu!<\/span><\/p>\n<p><span style=\"font-weight: 400;\">Quando o excelent\u00edssimo vice-presidente (e ministro) anunciou no in\u00edcio de maio que haveria uma redu\u00e7\u00e3o de impostos, ele AUTOMATICAMENTE travou o mercado!<\/span><\/p>\n<p><span style=\"font-weight: 400;\">Mas, \u00e9 claro que aqui \u00e9 o Brasil\u2026 e sempre podemos piorar! A data m\u00e1gica para a publica\u00e7\u00e3o do decreto era 25\/5 e, nesse dia, nada aconteceu\u2026 adiou-se a decis\u00e3o em cerca de 15 dias.<\/span><\/p>\n<p><span style=\"font-weight: 400;\">Considerando que teremos um feriad\u00e3o na pr\u00f3xima semana, qualquer decis\u00e3o s\u00f3 deve ser efetivada por volta do dia 12.<\/span><\/p>\n<p><span style=\"font-weight: 400;\">Vamos quantificar:<\/span><\/p>\n<p><span style=\"font-weight: 400;\">A din\u00e2mica do mercado \u00e9 a seguinte: na primeira quinzena do m\u00eas, vende-se de 40% a 45% do nosso volume mensal e, na segunda quinzena, os outros 55% a 60%.<\/span><\/p>\n<p><span style=\"font-weight: 400;\">Veja a tabela abaixo:<\/span><\/p>\n<p><img loading=\"lazy\" decoding=\"async\" class=\"img-fluid alignnone size-full wp-image-2151950\" src=\"https:\/\/www.infomoney.com.br\/wp-content\/uploads\/2023\/06\/Imagem1.png?quality=70&amp;resize=455%2C161&amp;strip=all\" sizes=\"auto, (max-width: 455px) 100vw, 455px\" srcset=\"https:\/\/www.infomoney.com.br\/wp-content\/uploads\/2023\/06\/Imagem1.png?w=455&amp;quality=70&amp;strip=all 455w, https:\/\/www.infomoney.com.br\/wp-content\/uploads\/2023\/06\/Imagem1.png?w=300&amp;quality=70&amp;strip=all 300w, https:\/\/www.infomoney.com.br\/wp-content\/uploads\/2023\/06\/Imagem1.png?w=150&amp;quality=70&amp;strip=all 150w\" alt=\"\" width=\"442\" height=\"156\" data-attachment-id=\"2151950\" data-permalink=\"https:\/\/www.infomoney.com.br\/colunistas\/o-mundo-sobre-muitas-rodas\/como-a-inercia-do-governo-travou-o-mercado-automotivo-no-mes-de-maio\/attachment\/imagem1-64\/\" data-orig-file=\"https:\/\/www.infomoney.com.br\/wp-content\/uploads\/2023\/06\/Imagem1.png?fit=455%2C161&amp;quality=70&amp;strip=all\" data-orig-size=\"455,161\" data-comments-opened=\"0\" data-image-meta=\"{&quot;aperture&quot;:&quot;0&quot;,&quot;credit&quot;:&quot;&quot;,&quot;camera&quot;:&quot;&quot;,&quot;caption&quot;:&quot;&quot;,&quot;created_timestamp&quot;:&quot;0&quot;,&quot;copyright&quot;:&quot;&quot;,&quot;focal_length&quot;:&quot;0&quot;,&quot;iso&quot;:&quot;0&quot;,&quot;shutter_speed&quot;:&quot;0&quot;,&quot;title&quot;:&quot;&quot;,&quot;orientation&quot;:&quot;0&quot;}\" data-image-title=\"Imagem1\" data-image-description=\"\" data-image-caption=\"\" data-medium-file=\"https:\/\/www.infomoney.com.br\/wp-content\/uploads\/2023\/06\/Imagem1.png?fit=300%2C106&amp;quality=70&amp;strip=all\" data-large-file=\"https:\/\/www.infomoney.com.br\/wp-content\/uploads\/2023\/06\/Imagem1.png?fit=455%2C161&amp;quality=70&amp;strip=all\" \/><\/p>\n<p><span style=\"font-weight: 400;\">O governo travou o mercado de tal maneira que, na primeira quinzena do m\u00eas passado, foram vendidos mais carros do que na segunda!<\/span><\/p>\n<p><span style=\"font-weight: 400;\">Essa in\u00e9rcia do governo em ter algo mais efetivo\/pr\u00e1tico (na redu\u00e7\u00e3o da carga tribut\u00e1ria) fez com que cerca de 25 mil a 30 mil consumidores adiassem a compra de carros.<\/span><\/p>\n<p><span style=\"font-weight: 400;\">A consequ\u00eancia disso \u00e9 um efeito domin\u00f3:<\/span><\/p>\n<p><span style=\"font-weight: 400;\">O cliente adia a compra -&gt; o vendedor de carros ganha menos -&gt; o propriet\u00e1rio da concession\u00e1ria ganha menos e, por isso, comprar\u00e1 menos carros no m\u00eas seguinte -&gt; a ind\u00fastria precisa reduzir a produ\u00e7\u00e3o de carros -&gt; o fornecimento na cadeia automotiva \u00e9 afetado\u2026<\/span><\/p>\n<p><span style=\"font-weight: 400;\">Isso sem mencionar o problema que os revendedores de ve\u00edculos usados est\u00e3o enfrentando e enfrentar\u00e3o\u2026 j\u00e1 que a redu\u00e7\u00e3o do pre\u00e7o do carro novo automaticamente impactar\u00e1 o pre\u00e7o de seus carros em estoque!<\/span><\/p>\n<p><span style=\"font-weight: 400;\">Vai desonerar? Fa\u00e7a! N\u00e3o fique adiando essa medida por um m\u00eas!<\/span><\/p>\n<p>&nbsp;<\/p>\n<p style=\"text-align: left;\"><strong>Fonte:<\/strong> <a href=\"https:\/\/www.infomoney.com.br\/colunistas\/o-mundo-sobre-muitas-rodas\/como-a-inercia-do-governo-travou-o-mercado-automotivo-no-mes-de-maio\/\">www.infomoney.com.br\/colunistas\/o-mundo-sobre-muitas-rodas\/como-a-inercia-do-governo-travou-o-mercado-automotivo-no-mes-de-maio\/<\/a><\/p>\n<p>&nbsp;<\/p>","protected":false},"excerpt":{"rendered":"<p>Falta de a\u00e7\u00e3o do governo em rela\u00e7\u00e3o ao acordo automotivo fez com que cerca de 25 mil a 30 mil consumidores adiassem a compra de carros no m\u00eas Eis que, finalizado o m\u00eas de maio, o buchicho do setor \u00e9 o acordo automotivo que o governo federal implementar\u00e1 em algum momento no meio do m\u00eas [&hellip;]<\/p>","protected":false},"author":6,"featured_media":2426,"comment_status":"open","ping_status":"open","sticky":false,"template":"","format":"standard","meta":{"_acf_changed":false,"footnotes":""},"categories":[2],"tags":[],"class_list":["post-2425","post","type-post","status-publish","format-standard","has-post-thumbnail","hentry","category-blog"],"acf":[],"yoast_head":"<!-- This site is optimized with the Yoast SEO plugin v26.6 - https:\/\/yoast.com\/wordpress\/plugins\/seo\/ -->\n<title>Como a in\u00e9rcia do governo travou o mercado automotivo no m\u00eas de maio - DBK<\/title>\n<meta name=\"robots\" content=\"index, follow, max-snippet:-1, max-image-preview:large, max-video-preview:-1\" \/>\n<link rel=\"canonical\" href=\"https:\/\/www.dbk.net.br\/en\/blog\/como-a-inercia-do-governo-travou-o-mercado-automotivo-no-mes-de-maio\/\" \/>\n<meta property=\"og:locale\" content=\"en_US\" \/>\n<meta property=\"og:type\" content=\"article\" \/>\n<meta property=\"og:title\" content=\"Como a in\u00e9rcia do governo travou o mercado automotivo no m\u00eas de maio - DBK\" \/>\n<meta property=\"og:description\" content=\"Falta de a\u00e7\u00e3o do governo em rela\u00e7\u00e3o ao acordo automotivo fez com que cerca de 25 mil a 30 mil consumidores adiassem a compra de carros no m\u00eas Eis que, finalizado o m\u00eas de maio, o buchicho do setor \u00e9 o acordo automotivo que o governo federal implementar\u00e1 em algum momento no meio do m\u00eas [&hellip;]\" \/>\n<meta property=\"og:url\" content=\"https:\/\/www.dbk.net.br\/en\/blog\/como-a-inercia-do-governo-travou-o-mercado-automotivo-no-mes-de-maio\/\" \/>\n<meta property=\"og:site_name\" content=\"DBK\" \/>\n<meta property=\"article:published_time\" content=\"2023-06-02T19:36:14+00:00\" \/>\n<meta property=\"article:modified_time\" content=\"2023-06-09T16:46:12+00:00\" \/>\n<meta property=\"og:image\" content=\"https:\/\/www.dbk.net.br\/wp-content\/uploads\/2023\/06\/patio-carros-09-06.jpg\" \/>\n\t<meta property=\"og:image:width\" content=\"820\" \/>\n\t<meta property=\"og:image:height\" content=\"460\" \/>\n\t<meta property=\"og:image:type\" content=\"image\/jpeg\" \/>\n<meta name=\"author\" content=\"Agenor Ferane\" \/>\n<meta name=\"twitter:card\" content=\"summary_large_image\" \/>\n<meta name=\"twitter:label1\" content=\"Written by\" \/>\n\t<meta name=\"twitter:data1\" content=\"Agenor Ferane\" \/>\n\t<meta name=\"twitter:label2\" content=\"Est. reading time\" \/>\n\t<meta name=\"twitter:data2\" content=\"4 minutes\" \/>\n<script type=\"application\/ld+json\" class=\"yoast-schema-graph\">{\"@context\":\"https:\/\/schema.org\",\"@graph\":[{\"@type\":\"WebPage\",\"@id\":\"https:\/\/www.dbk.net.br\/blog\/como-a-inercia-do-governo-travou-o-mercado-automotivo-no-mes-de-maio\/\",\"url\":\"https:\/\/www.dbk.net.br\/blog\/como-a-inercia-do-governo-travou-o-mercado-automotivo-no-mes-de-maio\/\",\"name\":\"Como a in\u00e9rcia do governo travou o mercado automotivo no m\u00eas de maio - DBK\",\"isPartOf\":{\"@id\":\"https:\/\/www.dbk.net.br\/#website\"},\"primaryImageOfPage\":{\"@id\":\"https:\/\/www.dbk.net.br\/blog\/como-a-inercia-do-governo-travou-o-mercado-automotivo-no-mes-de-maio\/#primaryimage\"},\"image\":{\"@id\":\"https:\/\/www.dbk.net.br\/blog\/como-a-inercia-do-governo-travou-o-mercado-automotivo-no-mes-de-maio\/#primaryimage\"},\"thumbnailUrl\":\"https:\/\/www.dbk.net.br\/wp-content\/uploads\/2023\/06\/patio-carros-09-06.jpg\",\"datePublished\":\"2023-06-02T19:36:14+00:00\",\"dateModified\":\"2023-06-09T16:46:12+00:00\",\"author\":{\"@id\":\"https:\/\/www.dbk.net.br\/#\/schema\/person\/cd457086c7388558d43df03aa15ae38d\"},\"breadcrumb\":{\"@id\":\"https:\/\/www.dbk.net.br\/blog\/como-a-inercia-do-governo-travou-o-mercado-automotivo-no-mes-de-maio\/#breadcrumb\"},\"inLanguage\":\"en-US\",\"potentialAction\":[{\"@type\":\"ReadAction\",\"target\":[\"https:\/\/www.dbk.net.br\/blog\/como-a-inercia-do-governo-travou-o-mercado-automotivo-no-mes-de-maio\/\"]}]},{\"@type\":\"ImageObject\",\"inLanguage\":\"en-US\",\"@id\":\"https:\/\/www.dbk.net.br\/blog\/como-a-inercia-do-governo-travou-o-mercado-automotivo-no-mes-de-maio\/#primaryimage\",\"url\":\"https:\/\/www.dbk.net.br\/wp-content\/uploads\/2023\/06\/patio-carros-09-06.jpg\",\"contentUrl\":\"https:\/\/www.dbk.net.br\/wp-content\/uploads\/2023\/06\/patio-carros-09-06.jpg\",\"width\":820,\"height\":460},{\"@type\":\"BreadcrumbList\",\"@id\":\"https:\/\/www.dbk.net.br\/blog\/como-a-inercia-do-governo-travou-o-mercado-automotivo-no-mes-de-maio\/#breadcrumb\",\"itemListElement\":[{\"@type\":\"ListItem\",\"position\":1,\"name\":\"In\u00edcio\",\"item\":\"https:\/\/www.dbk.net.br\/\"},{\"@type\":\"ListItem\",\"position\":2,\"name\":\"Como a in\u00e9rcia do governo travou o mercado automotivo no m\u00eas de maio\"}]},{\"@type\":\"WebSite\",\"@id\":\"https:\/\/www.dbk.net.br\/#website\",\"url\":\"https:\/\/www.dbk.net.br\/\",\"name\":\"DBK\",\"description\":\"Dealership Brokers\",\"potentialAction\":[{\"@type\":\"SearchAction\",\"target\":{\"@type\":\"EntryPoint\",\"urlTemplate\":\"https:\/\/www.dbk.net.br\/?s={search_term_string}\"},\"query-input\":{\"@type\":\"PropertyValueSpecification\",\"valueRequired\":true,\"valueName\":\"search_term_string\"}}],\"inLanguage\":\"en-US\"},{\"@type\":\"Person\",\"@id\":\"https:\/\/www.dbk.net.br\/#\/schema\/person\/cd457086c7388558d43df03aa15ae38d\",\"name\":\"Agenor Ferane\",\"image\":{\"@type\":\"ImageObject\",\"inLanguage\":\"en-US\",\"@id\":\"https:\/\/www.dbk.net.br\/#\/schema\/person\/image\/\",\"url\":\"https:\/\/secure.gravatar.com\/avatar\/6fba16e55e52adc5f8be1d35aca137de0486b8604c4804eed9df85560a0732fe?s=96&d=mm&r=g\",\"contentUrl\":\"https:\/\/secure.gravatar.com\/avatar\/6fba16e55e52adc5f8be1d35aca137de0486b8604c4804eed9df85560a0732fe?s=96&d=mm&r=g\",\"caption\":\"Agenor Ferane\"},\"sameAs\":[\"http:\/\/www.ncoisas.digital\"],\"url\":\"https:\/\/www.dbk.net.br\/en\/author\/agenorferane\/\"}]}<\/script>\n<!-- \/ Yoast SEO plugin. -->","yoast_head_json":{"title":"Como a in\u00e9rcia do governo travou o mercado automotivo no m\u00eas de maio - DBK","robots":{"index":"index","follow":"follow","max-snippet":"max-snippet:-1","max-image-preview":"max-image-preview:large","max-video-preview":"max-video-preview:-1"},"canonical":"https:\/\/www.dbk.net.br\/en\/blog\/como-a-inercia-do-governo-travou-o-mercado-automotivo-no-mes-de-maio\/","og_locale":"en_US","og_type":"article","og_title":"Como a in\u00e9rcia do governo travou o mercado automotivo no m\u00eas de maio - DBK","og_description":"Falta de a\u00e7\u00e3o do governo em rela\u00e7\u00e3o ao acordo automotivo fez com que cerca de 25 mil a 30 mil consumidores adiassem a compra de carros no m\u00eas Eis que, finalizado o m\u00eas de maio, o buchicho do setor \u00e9 o acordo automotivo que o governo federal implementar\u00e1 em algum momento no meio do m\u00eas [&hellip;]","og_url":"https:\/\/www.dbk.net.br\/en\/blog\/como-a-inercia-do-governo-travou-o-mercado-automotivo-no-mes-de-maio\/","og_site_name":"DBK","article_published_time":"2023-06-02T19:36:14+00:00","article_modified_time":"2023-06-09T16:46:12+00:00","og_image":[{"width":820,"height":460,"url":"https:\/\/www.dbk.net.br\/wp-content\/uploads\/2023\/06\/patio-carros-09-06.jpg","type":"image\/jpeg"}],"author":"Agenor Ferane","twitter_card":"summary_large_image","twitter_misc":{"Written by":"Agenor Ferane","Est. reading time":"4 minutes"},"schema":{"@context":"https:\/\/schema.org","@graph":[{"@type":"WebPage","@id":"https:\/\/www.dbk.net.br\/blog\/como-a-inercia-do-governo-travou-o-mercado-automotivo-no-mes-de-maio\/","url":"https:\/\/www.dbk.net.br\/blog\/como-a-inercia-do-governo-travou-o-mercado-automotivo-no-mes-de-maio\/","name":"Como a in\u00e9rcia do governo travou o mercado automotivo no m\u00eas de maio - DBK","isPartOf":{"@id":"https:\/\/www.dbk.net.br\/#website"},"primaryImageOfPage":{"@id":"https:\/\/www.dbk.net.br\/blog\/como-a-inercia-do-governo-travou-o-mercado-automotivo-no-mes-de-maio\/#primaryimage"},"image":{"@id":"https:\/\/www.dbk.net.br\/blog\/como-a-inercia-do-governo-travou-o-mercado-automotivo-no-mes-de-maio\/#primaryimage"},"thumbnailUrl":"https:\/\/www.dbk.net.br\/wp-content\/uploads\/2023\/06\/patio-carros-09-06.jpg","datePublished":"2023-06-02T19:36:14+00:00","dateModified":"2023-06-09T16:46:12+00:00","author":{"@id":"https:\/\/www.dbk.net.br\/#\/schema\/person\/cd457086c7388558d43df03aa15ae38d"},"breadcrumb":{"@id":"https:\/\/www.dbk.net.br\/blog\/como-a-inercia-do-governo-travou-o-mercado-automotivo-no-mes-de-maio\/#breadcrumb"},"inLanguage":"en-US","potentialAction":[{"@type":"ReadAction","target":["https:\/\/www.dbk.net.br\/blog\/como-a-inercia-do-governo-travou-o-mercado-automotivo-no-mes-de-maio\/"]}]},{"@type":"ImageObject","inLanguage":"en-US","@id":"https:\/\/www.dbk.net.br\/blog\/como-a-inercia-do-governo-travou-o-mercado-automotivo-no-mes-de-maio\/#primaryimage","url":"https:\/\/www.dbk.net.br\/wp-content\/uploads\/2023\/06\/patio-carros-09-06.jpg","contentUrl":"https:\/\/www.dbk.net.br\/wp-content\/uploads\/2023\/06\/patio-carros-09-06.jpg","width":820,"height":460},{"@type":"BreadcrumbList","@id":"https:\/\/www.dbk.net.br\/blog\/como-a-inercia-do-governo-travou-o-mercado-automotivo-no-mes-de-maio\/#breadcrumb","itemListElement":[{"@type":"ListItem","position":1,"name":"In\u00edcio","item":"https:\/\/www.dbk.net.br\/"},{"@type":"ListItem","position":2,"name":"Como a in\u00e9rcia do governo travou o mercado automotivo no m\u00eas de maio"}]},{"@type":"WebSite","@id":"https:\/\/www.dbk.net.br\/#website","url":"https:\/\/www.dbk.net.br\/","name":"DBK","description":"Dealership Brokers","potentialAction":[{"@type":"SearchAction","target":{"@type":"EntryPoint","urlTemplate":"https:\/\/www.dbk.net.br\/?s={search_term_string}"},"query-input":{"@type":"PropertyValueSpecification","valueRequired":true,"valueName":"search_term_string"}}],"inLanguage":"en-US"},{"@type":"Person","@id":"https:\/\/www.dbk.net.br\/#\/schema\/person\/cd457086c7388558d43df03aa15ae38d","name":"Agenor Ferane","image":{"@type":"ImageObject","inLanguage":"en-US","@id":"https:\/\/www.dbk.net.br\/#\/schema\/person\/image\/","url":"https:\/\/secure.gravatar.com\/avatar\/6fba16e55e52adc5f8be1d35aca137de0486b8604c4804eed9df85560a0732fe?s=96&d=mm&r=g","contentUrl":"https:\/\/secure.gravatar.com\/avatar\/6fba16e55e52adc5f8be1d35aca137de0486b8604c4804eed9df85560a0732fe?s=96&d=mm&r=g","caption":"Agenor Ferane"},"sameAs":["http:\/\/www.ncoisas.digital"],"url":"https:\/\/www.dbk.net.br\/en\/author\/agenorferane\/"}]}},"_links":{"self":[{"href":"https:\/\/www.dbk.net.br\/en\/wp-json\/wp\/v2\/posts\/2425","targetHints":{"allow":["GET"]}}],"collection":[{"href":"https:\/\/www.dbk.net.br\/en\/wp-json\/wp\/v2\/posts"}],"about":[{"href":"https:\/\/www.dbk.net.br\/en\/wp-json\/wp\/v2\/types\/post"}],"author":[{"embeddable":true,"href":"https:\/\/www.dbk.net.br\/en\/wp-json\/wp\/v2\/users\/6"}],"replies":[{"embeddable":true,"href":"https:\/\/www.dbk.net.br\/en\/wp-json\/wp\/v2\/comments?post=2425"}],"version-history":[{"count":1,"href":"https:\/\/www.dbk.net.br\/en\/wp-json\/wp\/v2\/posts\/2425\/revisions"}],"predecessor-version":[{"id":2427,"href":"https:\/\/www.dbk.net.br\/en\/wp-json\/wp\/v2\/posts\/2425\/revisions\/2427"}],"wp:featuredmedia":[{"embeddable":true,"href":"https:\/\/www.dbk.net.br\/en\/wp-json\/wp\/v2\/media\/2426"}],"wp:attachment":[{"href":"https:\/\/www.dbk.net.br\/en\/wp-json\/wp\/v2\/media?parent=2425"}],"wp:term":[{"taxonomy":"category","embeddable":true,"href":"https:\/\/www.dbk.net.br\/en\/wp-json\/wp\/v2\/categories?post=2425"},{"taxonomy":"post_tag","embeddable":true,"href":"https:\/\/www.dbk.net.br\/en\/wp-json\/wp\/v2\/tags?post=2425"}],"curies":[{"name":"wp","href":"https:\/\/api.w.org\/{rel}","templated":true}]}}