
{"id":2206,"date":"2023-03-28T15:20:01","date_gmt":"2023-03-28T18:20:01","guid":{"rendered":"https:\/\/www.dbk.net.br\/?p=2206"},"modified":"2023-03-28T19:24:11","modified_gmt":"2023-03-28T22:24:11","slug":"com-euro-6-volvo-quer-25-de-participacao-no-mercado-de-onibus-rodoviarios","status":"publish","type":"post","link":"https:\/\/www.dbk.net.br\/en\/blog\/com-euro-6-volvo-quer-25-de-participacao-no-mercado-de-onibus-rodoviarios\/","title":{"rendered":"Com Euro 6, Volvo quer 25% de participa\u00e7\u00e3o no mercado de \u00f4nibus rodovi\u00e1rios"},"content":{"rendered":"<h3 style=\"text-align: left;\">Alto custo das passagens a\u00e9reas e turismo aquecido favorecem empresas de transporte rodovi\u00e1rio e vendas de novos chassis<\/h3>\n<p style=\"text-align: left;\">A Volvo tem uma meta ambiciosa para o setor de \u00f4nibus rodovi\u00e1rios em 2023. A montadora sueca pretende alcan\u00e7ar 25% de participa\u00e7\u00e3o no mercado com a venda dos novos chassis equipados com motores Euro 6.<\/p>\n<p style=\"text-align: left;\">A empresa afirmou ter fechado 147 pedidos em apenas uma semana no m\u00eas de mar\u00e7o, ap\u00f3s a visita de clientes brasileiros e de outros pa\u00edses da Am\u00e9rica do Sul \u00e0 f\u00e1brica em Curitiba (PR) para conhecer a nova linha.<\/p>\n<p style=\"text-align: left;\">\u201cVinte e cinco por cento \u00e9 a posi\u00e7\u00e3o que n\u00f3s buscamos a partir da constru\u00e7\u00e3o que fizemos nos \u00faltimos anos. Encerramos o ano passado com uma participa\u00e7\u00e3o em torno de 18% e com a nova plataforma pretendemos ter uma participa\u00e7\u00e3o maior\u201d, disse Andr\u00e9 Marques, presidente da Volvo \u00d4nibus Am\u00e9rica Latina em entrevista \u00e0<strong>\u00a0Automotive Business<\/strong>.<\/p>\n<h2 style=\"text-align: left;\">Pre\u00e7o alto dos voos favorece setor de \u00f4nibus rodovi\u00e1rios<\/h2>\n<p style=\"text-align: left;\">A expectativa da Volvo em elevar sua participa\u00e7\u00e3o no mercado de \u00f4nibus para 25% este ano est\u00e1 ancorada no alto custo das passagens a\u00e9reas. E tamb\u00e9m\u00a0no setor de turismo mais aquecido p\u00f3s-pandemia.<\/p>\n<p style=\"text-align: left;\">De acordo com a Ag\u00eancia Nacional de Avia\u00e7\u00e3o Civil (Anac), o pre\u00e7o m\u00e9dio dos voos dom\u00e9sticos chegou a R$ 605,04 no Brasil em 2022. O mais alto em 12 anos.<\/p>\n<p style=\"text-align: left;\">Este cen\u00e1rio em que \u00e9 mais caro viajar de avi\u00e3o favorece o desempenho de empresas de transporte rodovi\u00e1rio. Consequentemente, impulsiona as vendas de \u00f4nibus, avaliou Paulo Arabian, diretor comercial de \u00f4nibus da Volvo.<\/p>\n<p style=\"text-align: left;\">\u201cO pre\u00e7o das passagens \u00e1reas mais alto abre oportunidade para passageiros que precisam viajar, seja por lazer ou a neg\u00f3cios, a consideraram o uso de \u00f4nibus. Isso traz ao empres\u00e1rio de \u00f4nibus a chance de capturar passageiros do modelo a\u00e9reo, entregando uma experi\u00eancia premium. As portas ficaram mais abertas tamb\u00e9m para a venda de novos ve\u00edculos, principalmente os double deck\u201d, explicou Arabian.<\/p>\n<p style=\"text-align: left;\">Na esteira do bom desempenho do segmento de \u00f4nibus rodovi\u00e1rios, se destacaram empresas de transporte como a Buser, que viu sua\u00a0<a href=\"http:\/\/t\/posts\/mobility-now\/buser-inicia-venda-passagens-exterior\/\" target=\"_blank\" rel=\"noopener\">receita disparar em 2022<\/a>\u00a0com a venda de passagens mais baratas.<\/p>\n<p style=\"text-align: left;\">O setor de turismo, que se recupera gradualmente ap\u00f3s mais de dois anos em baixa por causa da pandemia, est\u00e1 excepcionalmente favor\u00e1vel para as empresas de transporte rodovi\u00e1rio e as fabricantes de \u00f4nibus em 2023. Ao todo, o pa\u00eds tem dez feriados nacionais ao longo do ano.<\/p>\n<p style=\"text-align: left;\">\u201cTodos os meses, em m\u00e9dia, temos um feriado. Essa conjuntura de demandas e oportunidades ap\u00f3s dois anos de pandemia traz um cen\u00e1rio convidativo e favor\u00e1vel para a amplia\u00e7\u00e3o de frotas de \u00f4nibus rodovi\u00e1rios. Nosso desejo \u00e9 buscar essa ordem de grandeza de 25% para cima\u201d, refor\u00e7ou o diretor comercial da Volvo.<\/p>\n<h2 style=\"text-align: left;\">Eletrifica\u00e7\u00e3o dos \u00f4nibus\u00a0n\u00e3o \u00e9 prioridade da Volvo no Brasil<\/h2>\n<p style=\"text-align: left;\">No Brasil, ainda n\u00e3o est\u00e3o dispon\u00edveis \u00f4nibus el\u00e9tricos produzidos pela Volvo. Mas um chassi\u00a0pensado para\u00a0modelos el\u00e9tricos de \u00f4nibus urbanos deve\u00a0<a href=\"https:\/\/automotivebusiness.com.br\/pt\/posts\/montadoras\/onibus-eletrico-da-volvo-e-meio-brasileiro-e-chega-em-2023\/\" target=\"_blank\" rel=\"noopener\">chegar ao pa\u00eds ainda em 2023<\/a>, embora ainda n\u00e3o seja o carro-chefe dos neg\u00f3cios da montadora por aqui.<\/p>\n<p style=\"text-align: left;\">Paulo Arabian considera que os maiores desafios para o segmento de \u00f4nibus el\u00e9tricos no Brasil s\u00e3o a infraestrutura e o custo elevado.<\/p>\n<p style=\"text-align: left;\">\u201cA infraestrutura \u00e9 o modelo chave para habilitar e ter sucesso na eletrifica\u00e7\u00e3o, al\u00e9m do acesso \u00e0 tecnologia, que ainda \u00e9 muito caro. O custo de aquisi\u00e7\u00e3o \u00e9 significativamente maior, de at\u00e9 quatro vezes maior que um \u00f4nibus com motor diesel\u201d, destacou.<\/p>\n<p style=\"text-align: left;\">O executivo acrescentou que em pa\u00edses onde a eletrifica\u00e7\u00e3o do transporte p\u00fablico\u00a0se tornou uma realidade, por exemplo, o papel do governo foi decisivo.<\/p>\n<p style=\"text-align: left;\">\u201cFinanciar essa jornada n\u00e3o \u00e9 f\u00e1cil, com taxas elevadas e acesso ao cr\u00e9dito limitado por muitas empresas que foram comprometidas ainda antes da pandemia. Em todos os pa\u00edses que a eletrifica\u00e7\u00e3o se mostrou vi\u00e1vel, houve investimento e apoio do governo no processo. Os governos lideraram e n\u00e3o s\u00f3 exigiram a transforma\u00e7\u00e3o\u201d, concluiu.<\/p>\n<p>&nbsp;<\/p>\n<p style=\"text-align: left;\"><strong>Fonte:<\/strong> <a href=\"https:\/\/automotivebusiness.com.br\/pt\/posts\/setor-automotivo\/volvo-quer-25-por-cento-participacao-mercado-onibus-rodoviarios-euro-6\/\">https:\/\/automotivebusiness.com.br\/pt\/posts\/setor-automotivo\/volvo-quer-25-por-cento-participacao-mercado-onibus-rodoviarios-euro-6\/<\/a><\/p>\n<p>&nbsp;<\/p>","protected":false},"excerpt":{"rendered":"<p>Alto custo das passagens a\u00e9reas e turismo aquecido favorecem empresas de transporte rodovi\u00e1rio e vendas de novos chassis A Volvo tem uma meta ambiciosa para o setor de \u00f4nibus rodovi\u00e1rios em 2023. A montadora sueca pretende alcan\u00e7ar 25% de participa\u00e7\u00e3o no mercado com a venda dos novos chassis equipados com motores Euro 6. A empresa [&hellip;]<\/p>","protected":false},"author":6,"featured_media":2207,"comment_status":"open","ping_status":"open","sticky":false,"template":"","format":"standard","meta":{"_acf_changed":false,"footnotes":""},"categories":[2],"tags":[],"class_list":["post-2206","post","type-post","status-publish","format-standard","has-post-thumbnail","hentry","category-blog"],"acf":[],"yoast_head":"<!-- This site is optimized with the Yoast SEO plugin v26.6 - https:\/\/yoast.com\/wordpress\/plugins\/seo\/ -->\n<title>Com Euro 6, Volvo quer 25% de participa\u00e7\u00e3o no mercado de \u00f4nibus rodovi\u00e1rios - DBK<\/title>\n<meta name=\"robots\" content=\"index, follow, max-snippet:-1, max-image-preview:large, max-video-preview:-1\" \/>\n<link rel=\"canonical\" href=\"https:\/\/www.dbk.net.br\/en\/blog\/com-euro-6-volvo-quer-25-de-participacao-no-mercado-de-onibus-rodoviarios\/\" \/>\n<meta property=\"og:locale\" content=\"en_US\" \/>\n<meta property=\"og:type\" content=\"article\" \/>\n<meta property=\"og:title\" content=\"Com Euro 6, Volvo quer 25% de participa\u00e7\u00e3o no mercado de \u00f4nibus rodovi\u00e1rios - DBK\" \/>\n<meta property=\"og:description\" content=\"Alto custo das passagens a\u00e9reas e turismo aquecido favorecem empresas de transporte rodovi\u00e1rio e vendas de novos chassis A Volvo tem uma meta ambiciosa para o setor de \u00f4nibus rodovi\u00e1rios em 2023. A montadora sueca pretende alcan\u00e7ar 25% de participa\u00e7\u00e3o no mercado com a venda dos novos chassis equipados com motores Euro 6. A empresa [&hellip;]\" \/>\n<meta property=\"og:url\" content=\"https:\/\/www.dbk.net.br\/en\/blog\/com-euro-6-volvo-quer-25-de-participacao-no-mercado-de-onibus-rodoviarios\/\" \/>\n<meta property=\"og:site_name\" content=\"DBK\" \/>\n<meta property=\"article:published_time\" content=\"2023-03-28T18:20:01+00:00\" \/>\n<meta property=\"article:modified_time\" content=\"2023-03-28T22:24:11+00:00\" \/>\n<meta property=\"og:image\" content=\"https:\/\/www.dbk.net.br\/wp-content\/uploads\/2023\/03\/volvoonibusparticipacao.jpg__1200x857_q85_subsampling-2.jpg\" \/>\n\t<meta property=\"og:image:width\" content=\"1200\" \/>\n\t<meta property=\"og:image:height\" content=\"857\" \/>\n\t<meta property=\"og:image:type\" content=\"image\/jpeg\" \/>\n<meta name=\"author\" content=\"Agenor Ferane\" \/>\n<meta name=\"twitter:card\" content=\"summary_large_image\" \/>\n<meta name=\"twitter:label1\" content=\"Written by\" \/>\n\t<meta name=\"twitter:data1\" content=\"Agenor Ferane\" \/>\n\t<meta name=\"twitter:label2\" content=\"Est. reading time\" \/>\n\t<meta name=\"twitter:data2\" content=\"4 minutes\" \/>\n<script type=\"application\/ld+json\" class=\"yoast-schema-graph\">{\"@context\":\"https:\/\/schema.org\",\"@graph\":[{\"@type\":\"WebPage\",\"@id\":\"https:\/\/www.dbk.net.br\/blog\/com-euro-6-volvo-quer-25-de-participacao-no-mercado-de-onibus-rodoviarios\/\",\"url\":\"https:\/\/www.dbk.net.br\/blog\/com-euro-6-volvo-quer-25-de-participacao-no-mercado-de-onibus-rodoviarios\/\",\"name\":\"Com Euro 6, Volvo quer 25% de participa\u00e7\u00e3o no mercado de \u00f4nibus rodovi\u00e1rios - DBK\",\"isPartOf\":{\"@id\":\"https:\/\/www.dbk.net.br\/#website\"},\"primaryImageOfPage\":{\"@id\":\"https:\/\/www.dbk.net.br\/blog\/com-euro-6-volvo-quer-25-de-participacao-no-mercado-de-onibus-rodoviarios\/#primaryimage\"},\"image\":{\"@id\":\"https:\/\/www.dbk.net.br\/blog\/com-euro-6-volvo-quer-25-de-participacao-no-mercado-de-onibus-rodoviarios\/#primaryimage\"},\"thumbnailUrl\":\"https:\/\/www.dbk.net.br\/wp-content\/uploads\/2023\/03\/volvoonibusparticipacao.jpg__1200x857_q85_subsampling-2.jpg\",\"datePublished\":\"2023-03-28T18:20:01+00:00\",\"dateModified\":\"2023-03-28T22:24:11+00:00\",\"author\":{\"@id\":\"https:\/\/www.dbk.net.br\/#\/schema\/person\/cd457086c7388558d43df03aa15ae38d\"},\"breadcrumb\":{\"@id\":\"https:\/\/www.dbk.net.br\/blog\/com-euro-6-volvo-quer-25-de-participacao-no-mercado-de-onibus-rodoviarios\/#breadcrumb\"},\"inLanguage\":\"en-US\",\"potentialAction\":[{\"@type\":\"ReadAction\",\"target\":[\"https:\/\/www.dbk.net.br\/blog\/com-euro-6-volvo-quer-25-de-participacao-no-mercado-de-onibus-rodoviarios\/\"]}]},{\"@type\":\"ImageObject\",\"inLanguage\":\"en-US\",\"@id\":\"https:\/\/www.dbk.net.br\/blog\/com-euro-6-volvo-quer-25-de-participacao-no-mercado-de-onibus-rodoviarios\/#primaryimage\",\"url\":\"https:\/\/www.dbk.net.br\/wp-content\/uploads\/2023\/03\/volvoonibusparticipacao.jpg__1200x857_q85_subsampling-2.jpg\",\"contentUrl\":\"https:\/\/www.dbk.net.br\/wp-content\/uploads\/2023\/03\/volvoonibusparticipacao.jpg__1200x857_q85_subsampling-2.jpg\",\"width\":1200,\"height\":857},{\"@type\":\"BreadcrumbList\",\"@id\":\"https:\/\/www.dbk.net.br\/blog\/com-euro-6-volvo-quer-25-de-participacao-no-mercado-de-onibus-rodoviarios\/#breadcrumb\",\"itemListElement\":[{\"@type\":\"ListItem\",\"position\":1,\"name\":\"In\u00edcio\",\"item\":\"https:\/\/www.dbk.net.br\/\"},{\"@type\":\"ListItem\",\"position\":2,\"name\":\"Com Euro 6, Volvo quer 25% de participa\u00e7\u00e3o no mercado de \u00f4nibus rodovi\u00e1rios\"}]},{\"@type\":\"WebSite\",\"@id\":\"https:\/\/www.dbk.net.br\/#website\",\"url\":\"https:\/\/www.dbk.net.br\/\",\"name\":\"DBK\",\"description\":\"Dealership Brokers\",\"potentialAction\":[{\"@type\":\"SearchAction\",\"target\":{\"@type\":\"EntryPoint\",\"urlTemplate\":\"https:\/\/www.dbk.net.br\/?s={search_term_string}\"},\"query-input\":{\"@type\":\"PropertyValueSpecification\",\"valueRequired\":true,\"valueName\":\"search_term_string\"}}],\"inLanguage\":\"en-US\"},{\"@type\":\"Person\",\"@id\":\"https:\/\/www.dbk.net.br\/#\/schema\/person\/cd457086c7388558d43df03aa15ae38d\",\"name\":\"Agenor Ferane\",\"image\":{\"@type\":\"ImageObject\",\"inLanguage\":\"en-US\",\"@id\":\"https:\/\/www.dbk.net.br\/#\/schema\/person\/image\/\",\"url\":\"https:\/\/secure.gravatar.com\/avatar\/6fba16e55e52adc5f8be1d35aca137de0486b8604c4804eed9df85560a0732fe?s=96&d=mm&r=g\",\"contentUrl\":\"https:\/\/secure.gravatar.com\/avatar\/6fba16e55e52adc5f8be1d35aca137de0486b8604c4804eed9df85560a0732fe?s=96&d=mm&r=g\",\"caption\":\"Agenor Ferane\"},\"sameAs\":[\"http:\/\/www.ncoisas.digital\"],\"url\":\"https:\/\/www.dbk.net.br\/en\/author\/agenorferane\/\"}]}<\/script>\n<!-- \/ Yoast SEO plugin. -->","yoast_head_json":{"title":"Com Euro 6, Volvo quer 25% de participa\u00e7\u00e3o no mercado de \u00f4nibus rodovi\u00e1rios - DBK","robots":{"index":"index","follow":"follow","max-snippet":"max-snippet:-1","max-image-preview":"max-image-preview:large","max-video-preview":"max-video-preview:-1"},"canonical":"https:\/\/www.dbk.net.br\/en\/blog\/com-euro-6-volvo-quer-25-de-participacao-no-mercado-de-onibus-rodoviarios\/","og_locale":"en_US","og_type":"article","og_title":"Com Euro 6, Volvo quer 25% de participa\u00e7\u00e3o no mercado de \u00f4nibus rodovi\u00e1rios - DBK","og_description":"Alto custo das passagens a\u00e9reas e turismo aquecido favorecem empresas de transporte rodovi\u00e1rio e vendas de novos chassis A Volvo tem uma meta ambiciosa para o setor de \u00f4nibus rodovi\u00e1rios em 2023. A montadora sueca pretende alcan\u00e7ar 25% de participa\u00e7\u00e3o no mercado com a venda dos novos chassis equipados com motores Euro 6. A empresa [&hellip;]","og_url":"https:\/\/www.dbk.net.br\/en\/blog\/com-euro-6-volvo-quer-25-de-participacao-no-mercado-de-onibus-rodoviarios\/","og_site_name":"DBK","article_published_time":"2023-03-28T18:20:01+00:00","article_modified_time":"2023-03-28T22:24:11+00:00","og_image":[{"width":1200,"height":857,"url":"https:\/\/www.dbk.net.br\/wp-content\/uploads\/2023\/03\/volvoonibusparticipacao.jpg__1200x857_q85_subsampling-2.jpg","type":"image\/jpeg"}],"author":"Agenor Ferane","twitter_card":"summary_large_image","twitter_misc":{"Written by":"Agenor Ferane","Est. reading time":"4 minutes"},"schema":{"@context":"https:\/\/schema.org","@graph":[{"@type":"WebPage","@id":"https:\/\/www.dbk.net.br\/blog\/com-euro-6-volvo-quer-25-de-participacao-no-mercado-de-onibus-rodoviarios\/","url":"https:\/\/www.dbk.net.br\/blog\/com-euro-6-volvo-quer-25-de-participacao-no-mercado-de-onibus-rodoviarios\/","name":"Com Euro 6, Volvo quer 25% de participa\u00e7\u00e3o no mercado de \u00f4nibus rodovi\u00e1rios - DBK","isPartOf":{"@id":"https:\/\/www.dbk.net.br\/#website"},"primaryImageOfPage":{"@id":"https:\/\/www.dbk.net.br\/blog\/com-euro-6-volvo-quer-25-de-participacao-no-mercado-de-onibus-rodoviarios\/#primaryimage"},"image":{"@id":"https:\/\/www.dbk.net.br\/blog\/com-euro-6-volvo-quer-25-de-participacao-no-mercado-de-onibus-rodoviarios\/#primaryimage"},"thumbnailUrl":"https:\/\/www.dbk.net.br\/wp-content\/uploads\/2023\/03\/volvoonibusparticipacao.jpg__1200x857_q85_subsampling-2.jpg","datePublished":"2023-03-28T18:20:01+00:00","dateModified":"2023-03-28T22:24:11+00:00","author":{"@id":"https:\/\/www.dbk.net.br\/#\/schema\/person\/cd457086c7388558d43df03aa15ae38d"},"breadcrumb":{"@id":"https:\/\/www.dbk.net.br\/blog\/com-euro-6-volvo-quer-25-de-participacao-no-mercado-de-onibus-rodoviarios\/#breadcrumb"},"inLanguage":"en-US","potentialAction":[{"@type":"ReadAction","target":["https:\/\/www.dbk.net.br\/blog\/com-euro-6-volvo-quer-25-de-participacao-no-mercado-de-onibus-rodoviarios\/"]}]},{"@type":"ImageObject","inLanguage":"en-US","@id":"https:\/\/www.dbk.net.br\/blog\/com-euro-6-volvo-quer-25-de-participacao-no-mercado-de-onibus-rodoviarios\/#primaryimage","url":"https:\/\/www.dbk.net.br\/wp-content\/uploads\/2023\/03\/volvoonibusparticipacao.jpg__1200x857_q85_subsampling-2.jpg","contentUrl":"https:\/\/www.dbk.net.br\/wp-content\/uploads\/2023\/03\/volvoonibusparticipacao.jpg__1200x857_q85_subsampling-2.jpg","width":1200,"height":857},{"@type":"BreadcrumbList","@id":"https:\/\/www.dbk.net.br\/blog\/com-euro-6-volvo-quer-25-de-participacao-no-mercado-de-onibus-rodoviarios\/#breadcrumb","itemListElement":[{"@type":"ListItem","position":1,"name":"In\u00edcio","item":"https:\/\/www.dbk.net.br\/"},{"@type":"ListItem","position":2,"name":"Com Euro 6, Volvo quer 25% de participa\u00e7\u00e3o no mercado de \u00f4nibus rodovi\u00e1rios"}]},{"@type":"WebSite","@id":"https:\/\/www.dbk.net.br\/#website","url":"https:\/\/www.dbk.net.br\/","name":"DBK","description":"Dealership Brokers","potentialAction":[{"@type":"SearchAction","target":{"@type":"EntryPoint","urlTemplate":"https:\/\/www.dbk.net.br\/?s={search_term_string}"},"query-input":{"@type":"PropertyValueSpecification","valueRequired":true,"valueName":"search_term_string"}}],"inLanguage":"en-US"},{"@type":"Person","@id":"https:\/\/www.dbk.net.br\/#\/schema\/person\/cd457086c7388558d43df03aa15ae38d","name":"Agenor Ferane","image":{"@type":"ImageObject","inLanguage":"en-US","@id":"https:\/\/www.dbk.net.br\/#\/schema\/person\/image\/","url":"https:\/\/secure.gravatar.com\/avatar\/6fba16e55e52adc5f8be1d35aca137de0486b8604c4804eed9df85560a0732fe?s=96&d=mm&r=g","contentUrl":"https:\/\/secure.gravatar.com\/avatar\/6fba16e55e52adc5f8be1d35aca137de0486b8604c4804eed9df85560a0732fe?s=96&d=mm&r=g","caption":"Agenor Ferane"},"sameAs":["http:\/\/www.ncoisas.digital"],"url":"https:\/\/www.dbk.net.br\/en\/author\/agenorferane\/"}]}},"_links":{"self":[{"href":"https:\/\/www.dbk.net.br\/en\/wp-json\/wp\/v2\/posts\/2206","targetHints":{"allow":["GET"]}}],"collection":[{"href":"https:\/\/www.dbk.net.br\/en\/wp-json\/wp\/v2\/posts"}],"about":[{"href":"https:\/\/www.dbk.net.br\/en\/wp-json\/wp\/v2\/types\/post"}],"author":[{"embeddable":true,"href":"https:\/\/www.dbk.net.br\/en\/wp-json\/wp\/v2\/users\/6"}],"replies":[{"embeddable":true,"href":"https:\/\/www.dbk.net.br\/en\/wp-json\/wp\/v2\/comments?post=2206"}],"version-history":[{"count":1,"href":"https:\/\/www.dbk.net.br\/en\/wp-json\/wp\/v2\/posts\/2206\/revisions"}],"predecessor-version":[{"id":2208,"href":"https:\/\/www.dbk.net.br\/en\/wp-json\/wp\/v2\/posts\/2206\/revisions\/2208"}],"wp:featuredmedia":[{"embeddable":true,"href":"https:\/\/www.dbk.net.br\/en\/wp-json\/wp\/v2\/media\/2207"}],"wp:attachment":[{"href":"https:\/\/www.dbk.net.br\/en\/wp-json\/wp\/v2\/media?parent=2206"}],"wp:term":[{"taxonomy":"category","embeddable":true,"href":"https:\/\/www.dbk.net.br\/en\/wp-json\/wp\/v2\/categories?post=2206"},{"taxonomy":"post_tag","embeddable":true,"href":"https:\/\/www.dbk.net.br\/en\/wp-json\/wp\/v2\/tags?post=2206"}],"curies":[{"name":"wp","href":"https:\/\/api.w.org\/{rel}","templated":true}]}}