
{"id":1870,"date":"2022-12-23T15:36:36","date_gmt":"2022-12-23T18:36:36","guid":{"rendered":"https:\/\/www.dbk.net.br\/?p=1870"},"modified":"2022-12-29T17:41:32","modified_gmt":"2022-12-29T20:41:32","slug":"cade-impoe-ressalvas-mas-aprova-catena-x-supergrupo-de-empresas-alemas","status":"publish","type":"post","link":"https:\/\/www.dbk.net.br\/en\/blog\/cade-impoe-ressalvas-mas-aprova-catena-x-supergrupo-de-empresas-alemas\/","title":{"rendered":"Cade imp\u00f5e ressalvas, mas aprova Catena-X, supergrupo de empresas alem\u00e3s"},"content":{"rendered":"<h3 style=\"text-align: left;\">Formado por companhias como VW, BMW, ZF e Mercedes, joint venture pretende integrar informa\u00e7\u00f5es com a meta de elevar a efici\u00eancia<\/h3>\n<p>&nbsp;<\/p>\n<p style=\"text-align: left;\">Desde junho de 2022 a Catena-X buscava aprova\u00e7\u00e3o para atuar no setor automotivo no Brasil. O Cade, Conselho Administrativo de Defesa Econ\u00f4mica, emitiu uma decis\u00e3o pouco antes do fim do ano: a organiza\u00e7\u00e3o est\u00e1 aprovada, mas com algumas restri\u00e7\u00f5es \u00e0s opera\u00e7\u00f5es na regi\u00e3o.\u00a0<a href=\"http:\/\/chrome-extension\/\/efaidnbmnnnibpcajpcglclefindmkaj\/https:\/\/sei.cade.gov.br\/sei\/modulos\/pesquisa\/md_pesq_documento_consulta_externa.php?HJ7F4wnIPj2Y8B7Bj80h1lskjh7ohC8yMfhLoDBLddYhHwN2o_Nghw91Z8YZYF9UvJ7v5cp4HIwhuocDZH4n7UTX2kZlXOxb1EztoLfLPZvEGbBKQbPqsyT6GoyJTS67\" target=\"_blank\" rel=\"noopener\">A publica\u00e7\u00e3o<\/a>\u00a0foi feita na quarta-feira, 21 de dezembro.<\/p>\n<p style=\"text-align: left;\">A empresa \u00e9 uma joint-venture entre gigantes alem\u00e3s que pretendem integrar dados e informa\u00e7\u00f5es de diversas companhias com a justificativa de elevar a efici\u00eancia na padroniza\u00e7\u00e3o dos dados, confer\u00eancias de estoques, pedidos, etc. O grupo re\u00fane nada menos que Volkswagen, BMW, Mercedes-Benz, Bosch, ZF, Basf, \u00a0Henkel, SAP, Schaeffler, Siemens e T-Systems.<\/p>\n<p style=\"text-align: left;\">Desde o in\u00edcio, a principal preocupa\u00e7\u00e3o do \u00f3rg\u00e3o de regula\u00e7\u00e3o da concorr\u00eancia brasileiro est\u00e1 na ciberseguran\u00e7a e no tr\u00e1fego de informa\u00e7\u00f5es obtidas no mercado local entre um conglomerado de 11 empresas estrangeiras que poderia envolver, inclusive, o governo alem\u00e3o.<\/p>\n<p>&nbsp;<\/p>\n<p style=\"text-align: left;\"><strong>Fonte:<\/strong> <a href=\"https:\/\/www.automotivebusiness.com.br\/pt\/posts\/setor-automotivo\/cade-impoe-ressalvas-mas-aprova-catena-x-supergrupo-de-empresas-alemas\/\">www.automotivebusiness.com.br\/pt\/posts\/setor-automotivo\/cade-impoe-ressalvas-mas-aprova-catena-x-supergrupo-de-empresas-alemas\/<\/a><\/p>\n<p>&nbsp;<\/p>","protected":false},"excerpt":{"rendered":"<p>Formado por companhias como VW, BMW, ZF e Mercedes, joint venture pretende integrar informa\u00e7\u00f5es com a meta de elevar a efici\u00eancia &nbsp; Desde junho de 2022 a Catena-X buscava aprova\u00e7\u00e3o para atuar no setor automotivo no Brasil. O Cade, Conselho Administrativo de Defesa Econ\u00f4mica, emitiu uma decis\u00e3o pouco antes do fim do ano: a organiza\u00e7\u00e3o [&hellip;]<\/p>","protected":false},"author":6,"featured_media":1871,"comment_status":"open","ping_status":"open","sticky":false,"template":"","format":"standard","meta":{"_acf_changed":false,"footnotes":""},"categories":[2],"tags":[],"class_list":["post-1870","post","type-post","status-publish","format-standard","has-post-thumbnail","hentry","category-blog"],"acf":[],"yoast_head":"<!-- This site is optimized with the Yoast SEO plugin v26.6 - https:\/\/yoast.com\/wordpress\/plugins\/seo\/ -->\n<title>Cade imp\u00f5e ressalvas, mas aprova Catena-X, supergrupo de empresas alem\u00e3s - DBK<\/title>\n<meta name=\"robots\" content=\"index, follow, max-snippet:-1, max-image-preview:large, max-video-preview:-1\" \/>\n<link rel=\"canonical\" href=\"https:\/\/www.dbk.net.br\/en\/blog\/cade-impoe-ressalvas-mas-aprova-catena-x-supergrupo-de-empresas-alemas\/\" \/>\n<meta property=\"og:locale\" content=\"en_US\" \/>\n<meta property=\"og:type\" content=\"article\" \/>\n<meta property=\"og:title\" content=\"Cade imp\u00f5e ressalvas, mas aprova Catena-X, supergrupo de empresas alem\u00e3s - DBK\" \/>\n<meta property=\"og:description\" content=\"Formado por companhias como VW, BMW, ZF e Mercedes, joint venture pretende integrar informa\u00e7\u00f5es com a meta de elevar a efici\u00eancia &nbsp; Desde junho de 2022 a Catena-X buscava aprova\u00e7\u00e3o para atuar no setor automotivo no Brasil. O Cade, Conselho Administrativo de Defesa Econ\u00f4mica, emitiu uma decis\u00e3o pouco antes do fim do ano: a organiza\u00e7\u00e3o [&hellip;]\" \/>\n<meta property=\"og:url\" content=\"https:\/\/www.dbk.net.br\/en\/blog\/cade-impoe-ressalvas-mas-aprova-catena-x-supergrupo-de-empresas-alemas\/\" \/>\n<meta property=\"og:site_name\" content=\"DBK\" \/>\n<meta property=\"article:published_time\" content=\"2022-12-23T18:36:36+00:00\" \/>\n<meta property=\"article:modified_time\" content=\"2022-12-29T20:41:32+00:00\" \/>\n<meta property=\"og:image\" content=\"https:\/\/www.dbk.net.br\/wp-content\/uploads\/2022\/12\/catena-empresas-alemas.jpg__1200x500_q85_subsampling-2.jpg\" \/>\n\t<meta property=\"og:image:width\" content=\"1200\" \/>\n\t<meta property=\"og:image:height\" content=\"500\" \/>\n\t<meta property=\"og:image:type\" content=\"image\/jpeg\" \/>\n<meta name=\"author\" content=\"Agenor Ferane\" \/>\n<meta name=\"twitter:card\" content=\"summary_large_image\" \/>\n<meta name=\"twitter:label1\" content=\"Written by\" \/>\n\t<meta name=\"twitter:data1\" content=\"Agenor Ferane\" \/>\n\t<meta name=\"twitter:label2\" content=\"Est. reading time\" \/>\n\t<meta name=\"twitter:data2\" content=\"1 minute\" \/>\n<script type=\"application\/ld+json\" class=\"yoast-schema-graph\">{\"@context\":\"https:\/\/schema.org\",\"@graph\":[{\"@type\":\"WebPage\",\"@id\":\"https:\/\/www.dbk.net.br\/blog\/cade-impoe-ressalvas-mas-aprova-catena-x-supergrupo-de-empresas-alemas\/\",\"url\":\"https:\/\/www.dbk.net.br\/blog\/cade-impoe-ressalvas-mas-aprova-catena-x-supergrupo-de-empresas-alemas\/\",\"name\":\"Cade imp\u00f5e ressalvas, mas aprova Catena-X, supergrupo de empresas alem\u00e3s - DBK\",\"isPartOf\":{\"@id\":\"https:\/\/www.dbk.net.br\/#website\"},\"primaryImageOfPage\":{\"@id\":\"https:\/\/www.dbk.net.br\/blog\/cade-impoe-ressalvas-mas-aprova-catena-x-supergrupo-de-empresas-alemas\/#primaryimage\"},\"image\":{\"@id\":\"https:\/\/www.dbk.net.br\/blog\/cade-impoe-ressalvas-mas-aprova-catena-x-supergrupo-de-empresas-alemas\/#primaryimage\"},\"thumbnailUrl\":\"https:\/\/www.dbk.net.br\/wp-content\/uploads\/2022\/12\/catena-empresas-alemas.jpg__1200x500_q85_subsampling-2.jpg\",\"datePublished\":\"2022-12-23T18:36:36+00:00\",\"dateModified\":\"2022-12-29T20:41:32+00:00\",\"author\":{\"@id\":\"https:\/\/www.dbk.net.br\/#\/schema\/person\/cd457086c7388558d43df03aa15ae38d\"},\"breadcrumb\":{\"@id\":\"https:\/\/www.dbk.net.br\/blog\/cade-impoe-ressalvas-mas-aprova-catena-x-supergrupo-de-empresas-alemas\/#breadcrumb\"},\"inLanguage\":\"en-US\",\"potentialAction\":[{\"@type\":\"ReadAction\",\"target\":[\"https:\/\/www.dbk.net.br\/blog\/cade-impoe-ressalvas-mas-aprova-catena-x-supergrupo-de-empresas-alemas\/\"]}]},{\"@type\":\"ImageObject\",\"inLanguage\":\"en-US\",\"@id\":\"https:\/\/www.dbk.net.br\/blog\/cade-impoe-ressalvas-mas-aprova-catena-x-supergrupo-de-empresas-alemas\/#primaryimage\",\"url\":\"https:\/\/www.dbk.net.br\/wp-content\/uploads\/2022\/12\/catena-empresas-alemas.jpg__1200x500_q85_subsampling-2.jpg\",\"contentUrl\":\"https:\/\/www.dbk.net.br\/wp-content\/uploads\/2022\/12\/catena-empresas-alemas.jpg__1200x500_q85_subsampling-2.jpg\",\"width\":1200,\"height\":500},{\"@type\":\"BreadcrumbList\",\"@id\":\"https:\/\/www.dbk.net.br\/blog\/cade-impoe-ressalvas-mas-aprova-catena-x-supergrupo-de-empresas-alemas\/#breadcrumb\",\"itemListElement\":[{\"@type\":\"ListItem\",\"position\":1,\"name\":\"In\u00edcio\",\"item\":\"https:\/\/www.dbk.net.br\/\"},{\"@type\":\"ListItem\",\"position\":2,\"name\":\"Cade imp\u00f5e ressalvas, mas aprova Catena-X, supergrupo de empresas alem\u00e3s\"}]},{\"@type\":\"WebSite\",\"@id\":\"https:\/\/www.dbk.net.br\/#website\",\"url\":\"https:\/\/www.dbk.net.br\/\",\"name\":\"DBK\",\"description\":\"Dealership Brokers\",\"potentialAction\":[{\"@type\":\"SearchAction\",\"target\":{\"@type\":\"EntryPoint\",\"urlTemplate\":\"https:\/\/www.dbk.net.br\/?s={search_term_string}\"},\"query-input\":{\"@type\":\"PropertyValueSpecification\",\"valueRequired\":true,\"valueName\":\"search_term_string\"}}],\"inLanguage\":\"en-US\"},{\"@type\":\"Person\",\"@id\":\"https:\/\/www.dbk.net.br\/#\/schema\/person\/cd457086c7388558d43df03aa15ae38d\",\"name\":\"Agenor Ferane\",\"image\":{\"@type\":\"ImageObject\",\"inLanguage\":\"en-US\",\"@id\":\"https:\/\/www.dbk.net.br\/#\/schema\/person\/image\/\",\"url\":\"https:\/\/secure.gravatar.com\/avatar\/6fba16e55e52adc5f8be1d35aca137de0486b8604c4804eed9df85560a0732fe?s=96&d=mm&r=g\",\"contentUrl\":\"https:\/\/secure.gravatar.com\/avatar\/6fba16e55e52adc5f8be1d35aca137de0486b8604c4804eed9df85560a0732fe?s=96&d=mm&r=g\",\"caption\":\"Agenor Ferane\"},\"sameAs\":[\"http:\/\/www.ncoisas.digital\"],\"url\":\"https:\/\/www.dbk.net.br\/en\/author\/agenorferane\/\"}]}<\/script>\n<!-- \/ Yoast SEO plugin. -->","yoast_head_json":{"title":"Cade imp\u00f5e ressalvas, mas aprova Catena-X, supergrupo de empresas alem\u00e3s - DBK","robots":{"index":"index","follow":"follow","max-snippet":"max-snippet:-1","max-image-preview":"max-image-preview:large","max-video-preview":"max-video-preview:-1"},"canonical":"https:\/\/www.dbk.net.br\/en\/blog\/cade-impoe-ressalvas-mas-aprova-catena-x-supergrupo-de-empresas-alemas\/","og_locale":"en_US","og_type":"article","og_title":"Cade imp\u00f5e ressalvas, mas aprova Catena-X, supergrupo de empresas alem\u00e3s - DBK","og_description":"Formado por companhias como VW, BMW, ZF e Mercedes, joint venture pretende integrar informa\u00e7\u00f5es com a meta de elevar a efici\u00eancia &nbsp; Desde junho de 2022 a Catena-X buscava aprova\u00e7\u00e3o para atuar no setor automotivo no Brasil. O Cade, Conselho Administrativo de Defesa Econ\u00f4mica, emitiu uma decis\u00e3o pouco antes do fim do ano: a organiza\u00e7\u00e3o [&hellip;]","og_url":"https:\/\/www.dbk.net.br\/en\/blog\/cade-impoe-ressalvas-mas-aprova-catena-x-supergrupo-de-empresas-alemas\/","og_site_name":"DBK","article_published_time":"2022-12-23T18:36:36+00:00","article_modified_time":"2022-12-29T20:41:32+00:00","og_image":[{"width":1200,"height":500,"url":"https:\/\/www.dbk.net.br\/wp-content\/uploads\/2022\/12\/catena-empresas-alemas.jpg__1200x500_q85_subsampling-2.jpg","type":"image\/jpeg"}],"author":"Agenor Ferane","twitter_card":"summary_large_image","twitter_misc":{"Written by":"Agenor Ferane","Est. reading time":"1 minute"},"schema":{"@context":"https:\/\/schema.org","@graph":[{"@type":"WebPage","@id":"https:\/\/www.dbk.net.br\/blog\/cade-impoe-ressalvas-mas-aprova-catena-x-supergrupo-de-empresas-alemas\/","url":"https:\/\/www.dbk.net.br\/blog\/cade-impoe-ressalvas-mas-aprova-catena-x-supergrupo-de-empresas-alemas\/","name":"Cade imp\u00f5e ressalvas, mas aprova Catena-X, supergrupo de empresas alem\u00e3s - DBK","isPartOf":{"@id":"https:\/\/www.dbk.net.br\/#website"},"primaryImageOfPage":{"@id":"https:\/\/www.dbk.net.br\/blog\/cade-impoe-ressalvas-mas-aprova-catena-x-supergrupo-de-empresas-alemas\/#primaryimage"},"image":{"@id":"https:\/\/www.dbk.net.br\/blog\/cade-impoe-ressalvas-mas-aprova-catena-x-supergrupo-de-empresas-alemas\/#primaryimage"},"thumbnailUrl":"https:\/\/www.dbk.net.br\/wp-content\/uploads\/2022\/12\/catena-empresas-alemas.jpg__1200x500_q85_subsampling-2.jpg","datePublished":"2022-12-23T18:36:36+00:00","dateModified":"2022-12-29T20:41:32+00:00","author":{"@id":"https:\/\/www.dbk.net.br\/#\/schema\/person\/cd457086c7388558d43df03aa15ae38d"},"breadcrumb":{"@id":"https:\/\/www.dbk.net.br\/blog\/cade-impoe-ressalvas-mas-aprova-catena-x-supergrupo-de-empresas-alemas\/#breadcrumb"},"inLanguage":"en-US","potentialAction":[{"@type":"ReadAction","target":["https:\/\/www.dbk.net.br\/blog\/cade-impoe-ressalvas-mas-aprova-catena-x-supergrupo-de-empresas-alemas\/"]}]},{"@type":"ImageObject","inLanguage":"en-US","@id":"https:\/\/www.dbk.net.br\/blog\/cade-impoe-ressalvas-mas-aprova-catena-x-supergrupo-de-empresas-alemas\/#primaryimage","url":"https:\/\/www.dbk.net.br\/wp-content\/uploads\/2022\/12\/catena-empresas-alemas.jpg__1200x500_q85_subsampling-2.jpg","contentUrl":"https:\/\/www.dbk.net.br\/wp-content\/uploads\/2022\/12\/catena-empresas-alemas.jpg__1200x500_q85_subsampling-2.jpg","width":1200,"height":500},{"@type":"BreadcrumbList","@id":"https:\/\/www.dbk.net.br\/blog\/cade-impoe-ressalvas-mas-aprova-catena-x-supergrupo-de-empresas-alemas\/#breadcrumb","itemListElement":[{"@type":"ListItem","position":1,"name":"In\u00edcio","item":"https:\/\/www.dbk.net.br\/"},{"@type":"ListItem","position":2,"name":"Cade imp\u00f5e ressalvas, mas aprova Catena-X, supergrupo de empresas alem\u00e3s"}]},{"@type":"WebSite","@id":"https:\/\/www.dbk.net.br\/#website","url":"https:\/\/www.dbk.net.br\/","name":"DBK","description":"Dealership Brokers","potentialAction":[{"@type":"SearchAction","target":{"@type":"EntryPoint","urlTemplate":"https:\/\/www.dbk.net.br\/?s={search_term_string}"},"query-input":{"@type":"PropertyValueSpecification","valueRequired":true,"valueName":"search_term_string"}}],"inLanguage":"en-US"},{"@type":"Person","@id":"https:\/\/www.dbk.net.br\/#\/schema\/person\/cd457086c7388558d43df03aa15ae38d","name":"Agenor Ferane","image":{"@type":"ImageObject","inLanguage":"en-US","@id":"https:\/\/www.dbk.net.br\/#\/schema\/person\/image\/","url":"https:\/\/secure.gravatar.com\/avatar\/6fba16e55e52adc5f8be1d35aca137de0486b8604c4804eed9df85560a0732fe?s=96&d=mm&r=g","contentUrl":"https:\/\/secure.gravatar.com\/avatar\/6fba16e55e52adc5f8be1d35aca137de0486b8604c4804eed9df85560a0732fe?s=96&d=mm&r=g","caption":"Agenor Ferane"},"sameAs":["http:\/\/www.ncoisas.digital"],"url":"https:\/\/www.dbk.net.br\/en\/author\/agenorferane\/"}]}},"_links":{"self":[{"href":"https:\/\/www.dbk.net.br\/en\/wp-json\/wp\/v2\/posts\/1870","targetHints":{"allow":["GET"]}}],"collection":[{"href":"https:\/\/www.dbk.net.br\/en\/wp-json\/wp\/v2\/posts"}],"about":[{"href":"https:\/\/www.dbk.net.br\/en\/wp-json\/wp\/v2\/types\/post"}],"author":[{"embeddable":true,"href":"https:\/\/www.dbk.net.br\/en\/wp-json\/wp\/v2\/users\/6"}],"replies":[{"embeddable":true,"href":"https:\/\/www.dbk.net.br\/en\/wp-json\/wp\/v2\/comments?post=1870"}],"version-history":[{"count":1,"href":"https:\/\/www.dbk.net.br\/en\/wp-json\/wp\/v2\/posts\/1870\/revisions"}],"predecessor-version":[{"id":1872,"href":"https:\/\/www.dbk.net.br\/en\/wp-json\/wp\/v2\/posts\/1870\/revisions\/1872"}],"wp:featuredmedia":[{"embeddable":true,"href":"https:\/\/www.dbk.net.br\/en\/wp-json\/wp\/v2\/media\/1871"}],"wp:attachment":[{"href":"https:\/\/www.dbk.net.br\/en\/wp-json\/wp\/v2\/media?parent=1870"}],"wp:term":[{"taxonomy":"category","embeddable":true,"href":"https:\/\/www.dbk.net.br\/en\/wp-json\/wp\/v2\/categories?post=1870"},{"taxonomy":"post_tag","embeddable":true,"href":"https:\/\/www.dbk.net.br\/en\/wp-json\/wp\/v2\/tags?post=1870"}],"curies":[{"name":"wp","href":"https:\/\/api.w.org\/{rel}","templated":true}]}}