
{"id":1437,"date":"2022-10-10T15:25:54","date_gmt":"2022-10-10T18:25:54","guid":{"rendered":"https:\/\/www.dbk.net.br\/?p=1437"},"modified":"2022-10-11T17:36:32","modified_gmt":"2022-10-11T20:36:32","slug":"maquinas-agricolas-batem-recorde-de-vendas","status":"publish","type":"post","link":"https:\/\/www.dbk.net.br\/en\/blog\/maquinas-agricolas-batem-recorde-de-vendas\/","title":{"rendered":"M\u00e1quinas agr\u00edcolas batem recorde de vendas"},"content":{"rendered":"<h3>Proje\u00e7\u00e3o de safra hist\u00f3rica para o per\u00edodo 2022-2023 indica demanda futura por ainda mais equipamentos<\/h3>\n<p>&nbsp;<\/p>\n<p>A venda de m\u00e1quinas agr\u00edcolas em agosto somou 5,6 mil unidades, o que indica at\u00e9 pequena queda de 1,1% na compara\u00e7\u00e3o com julho. Por\u00e9m, no\u00a0acumulado dos oito meses, as f\u00e1bricas repassaram \u00e0s concession\u00e1rias 42,8 mil unidades, volume recorde para o per\u00edodo, com alta de 23,6% sobre iguais meses de 2021.<\/p>\n<p>Os n\u00fameros foram divulgados na sexta-feira, 7, pela Associa\u00e7\u00e3o Nacional dos Fabricantes de Ve\u00edculos Automotores (Anfavea).<\/p>\n<h2>Safra puxa recorde na venda de m\u00e1quinas agr\u00edcolas<\/h2>\n<p>\u201cA Conab [Companhia Nacional de Abastecimento] divulgou recentemente uma previs\u00e3o de produ\u00e7\u00e3o recorde de 312 milh\u00f5es de toneladas de gr\u00e3os para a safra 2022-2023\u201d, afirma o vice-presidente da Anfavea, Alexandre Bernardes.<\/p>\n<p>\u201cSer\u00e1 preciso mais caminh\u00f5es e m\u00e1quinas para esse cen\u00e1rio e vai ser muito interessante o acompanhamento do plantio e colheita nos pr\u00f3ximos meses\u201d, recorda o executivo. Se confirmada, a produ\u00e7\u00e3o agr\u00edcola ser\u00e1 15,3% maior que a do ano anterior.<\/p>\n<h2>Alta tamb\u00e9m no segmento rodovi\u00e1rio<\/h2>\n<p>A venda de m\u00e1quinas rodovi\u00e1rias somou em agosto 3,4 mil unidades, com pequena queda de 4,3% na compara\u00e7\u00e3o com julho. Mas o acumulado do ano teve 25,1 mil unidades e alta de 33,3% sobre iguais meses de 2021. O resultado tamb\u00e9m \u00e9 recorde.<\/p>\n<p>\u201cS\u00e3o m\u00e1quinas utilizadas na constru\u00e7\u00e3o leve e pesada, \u00e0s vezes adquiridas para loca\u00e7\u00e3o e tamb\u00e9m pelo setor agr\u00edcola como suporte \u00e0 produ\u00e7\u00e3o. Os setores de minera\u00e7\u00e3o, g\u00e1s, energia e petr\u00f3leo tamb\u00e9m impulsionaram as vendas\u201d, afirma Bernardes.<\/p>\n<h2>Exporta\u00e7\u00e3o crescente<\/h2>\n<p>As f\u00e1bricas instaladas no Brasil exportaram em agosto 1,1 mil m\u00e1quinas agr\u00edcolas. O total \u00e9 21,9% maior que o de julho. O acumulado dos oito meses teve 6,7 mil unidades enviadas ao exterior. A compara\u00e7\u00e3o com iguais meses de 2021 indica crescimentode 11,3%.<\/p>\n<p>A an\u00e1lise das m\u00e1quinas rodovi\u00e1rias mostra mil unidades embarcadas em agosto e alta de 3,2% sobre julho. O acumulado do ano \u00e9 superior ao de equipamentos agr\u00edcolas: 7,6 mil unidades e crescimento de 18,9% pela compara\u00e7\u00e3o interanual.<\/p>\n<p>Alexandre Bernardes recorda que as associadas \u00e0 Anfavea t\u00eam base exportadora e enviam produtos para a Am\u00e9rica Latina e outros mercados.<\/p>\n<p>&nbsp;<\/p>\n<p style=\"text-align: left;\"><strong>Fonte:<\/strong> <a href=\"https:\/\/www.automotivebusiness.com.br\/pt\/posts\/setor-%20automotivo\/maquinas-agricolas-batem-recorde-de-vendas-1\/\">www.automotivebusiness.com.br\/pt\/posts\/setor-%20automotivo\/maquinas-agricolas-batem-recorde-de-vendas-1\/<\/a><\/p>","protected":false},"excerpt":{"rendered":"<p>Proje\u00e7\u00e3o de safra hist\u00f3rica para o per\u00edodo 2022-2023 indica demanda futura por ainda mais equipamentos &nbsp; A venda de m\u00e1quinas agr\u00edcolas em agosto somou 5,6 mil unidades, o que indica at\u00e9 pequena queda de 1,1% na compara\u00e7\u00e3o com julho. Por\u00e9m, no\u00a0acumulado dos oito meses, as f\u00e1bricas repassaram \u00e0s concession\u00e1rias 42,8 mil unidades, volume recorde para [&hellip;]<\/p>","protected":false},"author":6,"featured_media":1438,"comment_status":"open","ping_status":"open","sticky":false,"template":"","format":"standard","meta":{"_acf_changed":false,"footnotes":""},"categories":[2],"tags":[],"class_list":["post-1437","post","type-post","status-publish","format-standard","has-post-thumbnail","hentry","category-blog"],"acf":[],"yoast_head":"<!-- This site is optimized with the Yoast SEO plugin v26.6 - https:\/\/yoast.com\/wordpress\/plugins\/seo\/ -->\n<title>M\u00e1quinas agr\u00edcolas batem recorde de vendas - DBK<\/title>\n<meta name=\"robots\" content=\"index, follow, max-snippet:-1, max-image-preview:large, max-video-preview:-1\" \/>\n<link rel=\"canonical\" href=\"https:\/\/www.dbk.net.br\/en\/blog\/maquinas-agricolas-batem-recorde-de-vendas\/\" \/>\n<meta property=\"og:locale\" content=\"en_US\" \/>\n<meta property=\"og:type\" content=\"article\" \/>\n<meta property=\"og:title\" content=\"M\u00e1quinas agr\u00edcolas batem recorde de vendas - DBK\" \/>\n<meta property=\"og:description\" content=\"Proje\u00e7\u00e3o de safra hist\u00f3rica para o per\u00edodo 2022-2023 indica demanda futura por ainda mais equipamentos &nbsp; A venda de m\u00e1quinas agr\u00edcolas em agosto somou 5,6 mil unidades, o que indica at\u00e9 pequena queda de 1,1% na compara\u00e7\u00e3o com julho. Por\u00e9m, no\u00a0acumulado dos oito meses, as f\u00e1bricas repassaram \u00e0s concession\u00e1rias 42,8 mil unidades, volume recorde para [&hellip;]\" \/>\n<meta property=\"og:url\" content=\"https:\/\/www.dbk.net.br\/en\/blog\/maquinas-agricolas-batem-recorde-de-vendas\/\" \/>\n<meta property=\"og:site_name\" content=\"DBK\" \/>\n<meta property=\"article:published_time\" content=\"2022-10-10T18:25:54+00:00\" \/>\n<meta property=\"article:modified_time\" content=\"2022-10-11T20:36:32+00:00\" \/>\n<meta property=\"og:image\" content=\"https:\/\/www.dbk.net.br\/wp-content\/uploads\/2022\/10\/maquinasagricolasrecorde.jpg__1200x675_q85_subsampling-2.jpg\" \/>\n\t<meta property=\"og:image:width\" content=\"1200\" \/>\n\t<meta property=\"og:image:height\" content=\"675\" \/>\n\t<meta property=\"og:image:type\" content=\"image\/jpeg\" \/>\n<meta name=\"author\" content=\"Agenor Ferane\" \/>\n<meta name=\"twitter:card\" content=\"summary_large_image\" \/>\n<meta name=\"twitter:label1\" content=\"Written by\" \/>\n\t<meta name=\"twitter:data1\" content=\"Agenor Ferane\" \/>\n\t<meta name=\"twitter:label2\" content=\"Est. reading time\" \/>\n\t<meta name=\"twitter:data2\" content=\"2 minutes\" \/>\n<script type=\"application\/ld+json\" class=\"yoast-schema-graph\">{\"@context\":\"https:\/\/schema.org\",\"@graph\":[{\"@type\":\"WebPage\",\"@id\":\"https:\/\/www.dbk.net.br\/blog\/maquinas-agricolas-batem-recorde-de-vendas\/\",\"url\":\"https:\/\/www.dbk.net.br\/blog\/maquinas-agricolas-batem-recorde-de-vendas\/\",\"name\":\"M\u00e1quinas agr\u00edcolas batem recorde de vendas - DBK\",\"isPartOf\":{\"@id\":\"https:\/\/www.dbk.net.br\/#website\"},\"primaryImageOfPage\":{\"@id\":\"https:\/\/www.dbk.net.br\/blog\/maquinas-agricolas-batem-recorde-de-vendas\/#primaryimage\"},\"image\":{\"@id\":\"https:\/\/www.dbk.net.br\/blog\/maquinas-agricolas-batem-recorde-de-vendas\/#primaryimage\"},\"thumbnailUrl\":\"https:\/\/www.dbk.net.br\/wp-content\/uploads\/2022\/10\/maquinasagricolasrecorde.jpg__1200x675_q85_subsampling-2.jpg\",\"datePublished\":\"2022-10-10T18:25:54+00:00\",\"dateModified\":\"2022-10-11T20:36:32+00:00\",\"author\":{\"@id\":\"https:\/\/www.dbk.net.br\/#\/schema\/person\/cd457086c7388558d43df03aa15ae38d\"},\"breadcrumb\":{\"@id\":\"https:\/\/www.dbk.net.br\/blog\/maquinas-agricolas-batem-recorde-de-vendas\/#breadcrumb\"},\"inLanguage\":\"en-US\",\"potentialAction\":[{\"@type\":\"ReadAction\",\"target\":[\"https:\/\/www.dbk.net.br\/blog\/maquinas-agricolas-batem-recorde-de-vendas\/\"]}]},{\"@type\":\"ImageObject\",\"inLanguage\":\"en-US\",\"@id\":\"https:\/\/www.dbk.net.br\/blog\/maquinas-agricolas-batem-recorde-de-vendas\/#primaryimage\",\"url\":\"https:\/\/www.dbk.net.br\/wp-content\/uploads\/2022\/10\/maquinasagricolasrecorde.jpg__1200x675_q85_subsampling-2.jpg\",\"contentUrl\":\"https:\/\/www.dbk.net.br\/wp-content\/uploads\/2022\/10\/maquinasagricolasrecorde.jpg__1200x675_q85_subsampling-2.jpg\",\"width\":1200,\"height\":675},{\"@type\":\"BreadcrumbList\",\"@id\":\"https:\/\/www.dbk.net.br\/blog\/maquinas-agricolas-batem-recorde-de-vendas\/#breadcrumb\",\"itemListElement\":[{\"@type\":\"ListItem\",\"position\":1,\"name\":\"In\u00edcio\",\"item\":\"https:\/\/www.dbk.net.br\/\"},{\"@type\":\"ListItem\",\"position\":2,\"name\":\"M\u00e1quinas agr\u00edcolas batem recorde de vendas\"}]},{\"@type\":\"WebSite\",\"@id\":\"https:\/\/www.dbk.net.br\/#website\",\"url\":\"https:\/\/www.dbk.net.br\/\",\"name\":\"DBK\",\"description\":\"Dealership Brokers\",\"potentialAction\":[{\"@type\":\"SearchAction\",\"target\":{\"@type\":\"EntryPoint\",\"urlTemplate\":\"https:\/\/www.dbk.net.br\/?s={search_term_string}\"},\"query-input\":{\"@type\":\"PropertyValueSpecification\",\"valueRequired\":true,\"valueName\":\"search_term_string\"}}],\"inLanguage\":\"en-US\"},{\"@type\":\"Person\",\"@id\":\"https:\/\/www.dbk.net.br\/#\/schema\/person\/cd457086c7388558d43df03aa15ae38d\",\"name\":\"Agenor Ferane\",\"image\":{\"@type\":\"ImageObject\",\"inLanguage\":\"en-US\",\"@id\":\"https:\/\/www.dbk.net.br\/#\/schema\/person\/image\/\",\"url\":\"https:\/\/secure.gravatar.com\/avatar\/6fba16e55e52adc5f8be1d35aca137de0486b8604c4804eed9df85560a0732fe?s=96&d=mm&r=g\",\"contentUrl\":\"https:\/\/secure.gravatar.com\/avatar\/6fba16e55e52adc5f8be1d35aca137de0486b8604c4804eed9df85560a0732fe?s=96&d=mm&r=g\",\"caption\":\"Agenor Ferane\"},\"sameAs\":[\"http:\/\/www.ncoisas.digital\"],\"url\":\"https:\/\/www.dbk.net.br\/en\/author\/agenorferane\/\"}]}<\/script>\n<!-- \/ Yoast SEO plugin. -->","yoast_head_json":{"title":"M\u00e1quinas agr\u00edcolas batem recorde de vendas - DBK","robots":{"index":"index","follow":"follow","max-snippet":"max-snippet:-1","max-image-preview":"max-image-preview:large","max-video-preview":"max-video-preview:-1"},"canonical":"https:\/\/www.dbk.net.br\/en\/blog\/maquinas-agricolas-batem-recorde-de-vendas\/","og_locale":"en_US","og_type":"article","og_title":"M\u00e1quinas agr\u00edcolas batem recorde de vendas - DBK","og_description":"Proje\u00e7\u00e3o de safra hist\u00f3rica para o per\u00edodo 2022-2023 indica demanda futura por ainda mais equipamentos &nbsp; A venda de m\u00e1quinas agr\u00edcolas em agosto somou 5,6 mil unidades, o que indica at\u00e9 pequena queda de 1,1% na compara\u00e7\u00e3o com julho. Por\u00e9m, no\u00a0acumulado dos oito meses, as f\u00e1bricas repassaram \u00e0s concession\u00e1rias 42,8 mil unidades, volume recorde para [&hellip;]","og_url":"https:\/\/www.dbk.net.br\/en\/blog\/maquinas-agricolas-batem-recorde-de-vendas\/","og_site_name":"DBK","article_published_time":"2022-10-10T18:25:54+00:00","article_modified_time":"2022-10-11T20:36:32+00:00","og_image":[{"width":1200,"height":675,"url":"https:\/\/www.dbk.net.br\/wp-content\/uploads\/2022\/10\/maquinasagricolasrecorde.jpg__1200x675_q85_subsampling-2.jpg","type":"image\/jpeg"}],"author":"Agenor Ferane","twitter_card":"summary_large_image","twitter_misc":{"Written by":"Agenor Ferane","Est. reading time":"2 minutes"},"schema":{"@context":"https:\/\/schema.org","@graph":[{"@type":"WebPage","@id":"https:\/\/www.dbk.net.br\/blog\/maquinas-agricolas-batem-recorde-de-vendas\/","url":"https:\/\/www.dbk.net.br\/blog\/maquinas-agricolas-batem-recorde-de-vendas\/","name":"M\u00e1quinas agr\u00edcolas batem recorde de vendas - DBK","isPartOf":{"@id":"https:\/\/www.dbk.net.br\/#website"},"primaryImageOfPage":{"@id":"https:\/\/www.dbk.net.br\/blog\/maquinas-agricolas-batem-recorde-de-vendas\/#primaryimage"},"image":{"@id":"https:\/\/www.dbk.net.br\/blog\/maquinas-agricolas-batem-recorde-de-vendas\/#primaryimage"},"thumbnailUrl":"https:\/\/www.dbk.net.br\/wp-content\/uploads\/2022\/10\/maquinasagricolasrecorde.jpg__1200x675_q85_subsampling-2.jpg","datePublished":"2022-10-10T18:25:54+00:00","dateModified":"2022-10-11T20:36:32+00:00","author":{"@id":"https:\/\/www.dbk.net.br\/#\/schema\/person\/cd457086c7388558d43df03aa15ae38d"},"breadcrumb":{"@id":"https:\/\/www.dbk.net.br\/blog\/maquinas-agricolas-batem-recorde-de-vendas\/#breadcrumb"},"inLanguage":"en-US","potentialAction":[{"@type":"ReadAction","target":["https:\/\/www.dbk.net.br\/blog\/maquinas-agricolas-batem-recorde-de-vendas\/"]}]},{"@type":"ImageObject","inLanguage":"en-US","@id":"https:\/\/www.dbk.net.br\/blog\/maquinas-agricolas-batem-recorde-de-vendas\/#primaryimage","url":"https:\/\/www.dbk.net.br\/wp-content\/uploads\/2022\/10\/maquinasagricolasrecorde.jpg__1200x675_q85_subsampling-2.jpg","contentUrl":"https:\/\/www.dbk.net.br\/wp-content\/uploads\/2022\/10\/maquinasagricolasrecorde.jpg__1200x675_q85_subsampling-2.jpg","width":1200,"height":675},{"@type":"BreadcrumbList","@id":"https:\/\/www.dbk.net.br\/blog\/maquinas-agricolas-batem-recorde-de-vendas\/#breadcrumb","itemListElement":[{"@type":"ListItem","position":1,"name":"In\u00edcio","item":"https:\/\/www.dbk.net.br\/"},{"@type":"ListItem","position":2,"name":"M\u00e1quinas agr\u00edcolas batem recorde de vendas"}]},{"@type":"WebSite","@id":"https:\/\/www.dbk.net.br\/#website","url":"https:\/\/www.dbk.net.br\/","name":"DBK","description":"Dealership Brokers","potentialAction":[{"@type":"SearchAction","target":{"@type":"EntryPoint","urlTemplate":"https:\/\/www.dbk.net.br\/?s={search_term_string}"},"query-input":{"@type":"PropertyValueSpecification","valueRequired":true,"valueName":"search_term_string"}}],"inLanguage":"en-US"},{"@type":"Person","@id":"https:\/\/www.dbk.net.br\/#\/schema\/person\/cd457086c7388558d43df03aa15ae38d","name":"Agenor Ferane","image":{"@type":"ImageObject","inLanguage":"en-US","@id":"https:\/\/www.dbk.net.br\/#\/schema\/person\/image\/","url":"https:\/\/secure.gravatar.com\/avatar\/6fba16e55e52adc5f8be1d35aca137de0486b8604c4804eed9df85560a0732fe?s=96&d=mm&r=g","contentUrl":"https:\/\/secure.gravatar.com\/avatar\/6fba16e55e52adc5f8be1d35aca137de0486b8604c4804eed9df85560a0732fe?s=96&d=mm&r=g","caption":"Agenor Ferane"},"sameAs":["http:\/\/www.ncoisas.digital"],"url":"https:\/\/www.dbk.net.br\/en\/author\/agenorferane\/"}]}},"_links":{"self":[{"href":"https:\/\/www.dbk.net.br\/en\/wp-json\/wp\/v2\/posts\/1437","targetHints":{"allow":["GET"]}}],"collection":[{"href":"https:\/\/www.dbk.net.br\/en\/wp-json\/wp\/v2\/posts"}],"about":[{"href":"https:\/\/www.dbk.net.br\/en\/wp-json\/wp\/v2\/types\/post"}],"author":[{"embeddable":true,"href":"https:\/\/www.dbk.net.br\/en\/wp-json\/wp\/v2\/users\/6"}],"replies":[{"embeddable":true,"href":"https:\/\/www.dbk.net.br\/en\/wp-json\/wp\/v2\/comments?post=1437"}],"version-history":[{"count":3,"href":"https:\/\/www.dbk.net.br\/en\/wp-json\/wp\/v2\/posts\/1437\/revisions"}],"predecessor-version":[{"id":1444,"href":"https:\/\/www.dbk.net.br\/en\/wp-json\/wp\/v2\/posts\/1437\/revisions\/1444"}],"wp:featuredmedia":[{"embeddable":true,"href":"https:\/\/www.dbk.net.br\/en\/wp-json\/wp\/v2\/media\/1438"}],"wp:attachment":[{"href":"https:\/\/www.dbk.net.br\/en\/wp-json\/wp\/v2\/media?parent=1437"}],"wp:term":[{"taxonomy":"category","embeddable":true,"href":"https:\/\/www.dbk.net.br\/en\/wp-json\/wp\/v2\/categories?post=1437"},{"taxonomy":"post_tag","embeddable":true,"href":"https:\/\/www.dbk.net.br\/en\/wp-json\/wp\/v2\/tags?post=1437"}],"curies":[{"name":"wp","href":"https:\/\/api.w.org\/{rel}","templated":true}]}}