
{"id":1321,"date":"2022-08-25T15:29:30","date_gmt":"2022-08-25T18:29:30","guid":{"rendered":"https:\/\/www.dbk.net.br\/?p=1321"},"modified":"2022-08-31T15:38:33","modified_gmt":"2022-08-31T18:38:33","slug":"california-proibe-a-venda-de-carros-a-combustao-a-partir-de-2035-decisao-pode-influenciar-o-mercado-automotivo-global","status":"publish","type":"post","link":"https:\/\/www.dbk.net.br\/en\/blog\/california-proibe-a-venda-de-carros-a-combustao-a-partir-de-2035-decisao-pode-influenciar-o-mercado-automotivo-global\/","title":{"rendered":"Calif\u00f3rnia pro\u00edbe a venda de carros a combust\u00e3o a partir de 2035; decis\u00e3o pode influenciar o mercado automotivo global"},"content":{"rendered":"<h3>Atualmente, 12% dos ve\u00edculos circulando na Calif\u00f3rnia entram na lista dos carros de \u2018zero-emiss\u00e3o\u2019<\/h3>\n<p>&nbsp;<\/p>\n<p>O governo da Calif\u00f3rnia anunciou nesta quinta-feira, 25 de agosto, uma mudan\u00e7a que pode impactar toda a\u00a0<strong><a href=\"https:\/\/olhardigital.com.br\/2022\/06\/03\/carros-e-tecnologia\/ceo-da-ford-diz-que-industria-automotiva-vai-passar-por-grande-abalo-e-redefinicao-em-massa\/\" target=\"_blank\" rel=\"noreferrer noopener\">ind\u00fastria automobil\u00edstica<\/a><\/strong>\u00a0em meio a transi\u00e7\u00e3o para os ve\u00edculos de emiss\u00e3o zero. O estado americano quer barrar as vendas de carros novos a combust\u00e3o a partir de 2035 para refor\u00e7ar o combate \u00e0s\u00a0<strong><a href=\"https:\/\/olhardigital.com.br\/tag\/mudancas-climaticas\/\" target=\"_blank\" rel=\"noreferrer noopener\">mudan\u00e7as clim\u00e1ticas<\/a><\/strong>, uma vez que os ve\u00edculos a gasolina s\u00e3o as principais fontes de gases de efeito estufa.<\/p>\n<p>Tamb\u00e9m h\u00e1 metas que devem ser cumpridas j\u00e1 nos pr\u00f3ximos anos. Para 2026, por exemplo, o \u00edndice de carros el\u00e9tricos vendidos no estado deve subir para 35% e 68% at\u00e9 2030.<\/p>\n<p>Segundo o\u00a0<strong><a href=\"https:\/\/www.nytimes.com\/2022\/08\/24\/climate\/california-gas-cars-emissions.html?\" target=\"_blank\" rel=\"noreferrer noopener\"><em>The New York Times<\/em><\/a><\/strong>, trata-se do \u00fanico governo do mundo a adotar a regra como lei at\u00e9 aqui. Ainda que pa\u00edses como o Canad\u00e1, Reino Unido, Fran\u00e7a, Espanha e Dinamarca, tamb\u00e9m j\u00e1 tenham tra\u00e7ado as suas metas de eliminar a venda de ve\u00edculos novos a combust\u00e3o, o que deve acontecer entre 2030 e 2040.<\/p>\n<p>Com grande participa\u00e7\u00e3o e influ\u00eancia no mercado automotivo n\u00e3o s\u00f3 americano como mundial, a decis\u00e3o \u00e9 um marco importante, visto que outros governos podem seguir a iniciativa em breve. Conforme a reportagem do jornal americano, \u00e9 esperado que pelo menos 12 estados acompanhem a mudan\u00e7a, entre os principais est\u00e3o: Nova York, Pensilv\u00e2nia, Washington, Nova Jersey e Colorado.<\/p>\n<p>No fim, \u00e9 esperado que ao menos\u00a0<strong>um ter\u00e7o do mercado automotivo<\/strong>\u00a0americano seja afetado pela lei.<\/p>\n<h3>Nova legisla\u00e7\u00e3o clim\u00e1tica nos EUA<\/h3>\n<p>Vale ressaltar que a Calif\u00f3rnia anunciou a medida logo ap\u00f3s o presidente Biden aprovar uma\u00a0<strong><a href=\"https:\/\/olhardigital.com.br\/2022\/08\/18\/pro\/joe-biden-assina-lei-que-destina-bilhoes-para-programas-climaticos-e-de-energia-limpa\/\" target=\"_blank\" rel=\"noreferrer noopener\">nova legisla\u00e7\u00e3o clim\u00e1tica nos EUA<\/a><\/strong>\u00a0que prev\u00ea a inje\u00e7\u00e3o de US$ 370 bilh\u00f5es em apoio aos programas de\u00a0<strong><a href=\"https:\/\/olhardigital.com.br\/tag\/energia-limpa\/\" target=\"_blank\" rel=\"noreferrer noopener\">energia limpa<\/a><\/strong>\u00a0e US$ 14 bilh\u00f5es em incentivos fiscais para quem comprar carros el\u00e9tricos novos ou usados.<\/p>\n<div class=\"intext-denakop\">\n<div>\n<div id=\"denakop-auto-intext-76e3a212-fad5-4e1a-9968-7ff195fd2d3b\" data-google-query-id=\"CIaFjoTb8fkCFf0FuQYdMS8FCQ\">\n<div id=\"google_ads_iframe_\/21715141650,1040097\/olhardigital.com.br\/desktop_intext_0__container__\">Biden tamb\u00e9m assinou uma ordem executiva no ano passado para garantir que metade dos ve\u00edculos vendidos nos Estados Unidos sejam el\u00e9tricos at\u00e9 2030 (atualmente, s\u00e3o apenas 6%). A meta \u00e9 reduzir em 40% as emiss\u00f5es de carbono nos Estados Unidos at\u00e9 l\u00e1.<\/div>\n<\/div>\n<\/div>\n<\/div>\n<p>Tudo indica que a ideia \u00e9 associar os projetos federais \u00e0s novas regras anunciadas na Calif\u00f3rnia. O que j\u00e1 era previsto pelo governo Biden, que tamb\u00e9m afirmou que seriam necess\u00e1rias pol\u00edticas mais r\u00edgidas para atingir o objetivo.<\/p>\n<h2 id=\"h-o-que-dizem-as-montadoras\">O que dizem as montadoras<\/h2>\n<p>The\u00a0<strong><a href=\"https:\/\/olhardigital.com.br\/tag\/general-motors\/\" target=\"_blank\" rel=\"noreferrer noopener\">General Motors<\/a><\/strong>, uma das gigantes do mercado americano, j\u00e1 havia confirmado no ano passado que n\u00e3o deve produzir mais ve\u00edculos a combust\u00e3o at\u00e9 2035. J\u00e1 a Ford,\u00a0<strong><a href=\"https:\/\/olhardigital.com.br\/2022\/08\/24\/pro\/ford-planeja-demitir-milhares-de-funcionarios\/\" target=\"_blank\" rel=\"noreferrer noopener\">acaba de dispensar tr\u00eas mil funcion\u00e1rios<\/a><\/strong>, a maioria ainda atuava em projetos de carros a combust\u00e3o.<\/p>\n<p>A montadora tamb\u00e9m visa investir nos el\u00e9tricos e j\u00e1 se comprometeu a divulgar em breve os seus planos de eletrifica\u00e7\u00e3o.<\/p>\n<p>Para John Bozzella, presidente da Alliance for Automotive Innovation, entidade que representa grandes montadoras que atuam nos EUA, a mudan\u00e7a ser\u00e1 desafiadora. O executivo citou que alguns fatores ser\u00e3o decisivos para entender se o projeto \u00e9 \u201crealista e alcan\u00e7\u00e1vel\u201d, entre eles est\u00e3o: a infla\u00e7\u00e3o, a infraestrutura de recarga, m\u00e3o de obra, disponibilidade e pre\u00e7os de minerais e a escassez de semicondutores, que segue afetando diversos setores da ind\u00fastria.<\/p>\n<p>Segundo o executivo, a Calif\u00f3rnia precisa se preocupar ainda em impulsionar a capacidade dos EUA de obter minerais como o l\u00edtio e o cobalto, essenciais para a fabrica\u00e7\u00e3o de baterias. Dessa forma, seria vi\u00e1vel oferecer ve\u00edculos el\u00e9tricos por um pre\u00e7o mais baixo ao consumidor, aquecendo o mercado de EVs.<\/p>\n<h2>E no Brasil, como andam os planos de descarboniza\u00e7\u00e3o automotiva?<\/h2>\n<p>Uma sa\u00edda, segundo a Associa\u00e7\u00e3o Nacional dos Fabricantes de Ve\u00edculos Automotores (Anfavea), \u00e9 a aposta nos\u00a0<strong><a href=\"https:\/\/olhardigital.com.br\/tag\/biocombustivel\/\" target=\"_blank\" rel=\"noreferrer noopener\">biocombust\u00edveis<\/a><\/strong>. A fabrica\u00e7\u00e3o e a venda de motores a combust\u00e3o para pa\u00edses em desenvolvimento tamb\u00e9m continuar\u00e1 em alta no futuro, j\u00e1 que muitos n\u00e3o v\u00e3o conseguir migrar t\u00e3o r\u00e1pido para os carros totalmente el\u00e9tricos.<\/p>\n<p>Outro desafio para o mercado automotivo nacional \u00e9 o custo dos EVs e principalmente das baterias.<\/p>\n<p>Em 2021, a associa\u00e7\u00e3o tamb\u00e9m apresentou o \u201cANFAVEA: O Caminho da<br \/>\nDescarboniza\u00e7\u00e3o do Setor Automotivo\u201d, um estudo que revela o que esperar da motoriza\u00e7\u00e3o veicular do Brasil no futuro considerando a realidade do pa\u00eds.<\/p>\n<p>Dentre as conclus\u00f5es, ficou claro que o Brasil precisa se integrar aos esfor\u00e7os para reduzir a emiss\u00e3o de gases, o que j\u00e1 \u00e9 realidade na ind\u00fastria automobil\u00edstica global. Dependendo das medidas adotadas por aqui, \u00e9 esperado que os ve\u00edculos leves eletrificados respondam por 12% a 22% das vendas\u00a0em 2030 e de 32% a 62% em 2035. Hoje, como comparativo, esse \u00edndice \u00e9 de\u00a0<strong>apenas 2%<\/strong>.<\/p>\n<p>Resultados que ainda v\u00e3o depender de um investimento estimado de R$ 150 bilh\u00f5es pelos pr\u00f3ximos 15 anos em tecnologia e infraestrutura.<\/p>\n<p>\u201c\u00c9 hora de unir esfor\u00e7os de todos os setores envolvidos com a cadeia de transporte terrestre no pa\u00eds e de todas as esferas do poder p\u00fablico para definir o que queremos. S\u00f3 com essas defini\u00e7\u00f5es de metas \u00e9 que os investimentos corretos poder\u00e3o ser feitos, colocando o Brasil em um caminho global que n\u00e3o tem mais volta, o da redu\u00e7\u00e3o das emiss\u00f5es dos gases de efeito estufa\u201d, avalia Luiz Carlos Moraes, presidente da Anfavea, no fim da an\u00e1lise realizada pela entidade.<\/p>\n<p>&nbsp;<\/p>\n<p style=\"text-align: left;\"><strong>Fonte:<\/strong> <a href=\"https:\/\/olhardigital.com.br\/2022\/08\/25\/carros-e-tecnologia\/california-proibe-venda-carros-combustao\/\">https:\/\/olhardigital.com.br\/2022\/08\/25\/carros-e-tecnologia\/california-proibe-venda-carros-combustao\/<\/a><\/p>","protected":false},"excerpt":{"rendered":"<p>Atualmente, 12% dos ve\u00edculos circulando na Calif\u00f3rnia entram na lista dos carros de \u2018zero-emiss\u00e3o\u2019 &nbsp; O governo da Calif\u00f3rnia anunciou nesta quinta-feira, 25 de agosto, uma mudan\u00e7a que pode impactar toda a\u00a0ind\u00fastria automobil\u00edstica\u00a0em meio a transi\u00e7\u00e3o para os ve\u00edculos de emiss\u00e3o zero. O estado americano quer barrar as vendas de carros novos a combust\u00e3o a [&hellip;]<\/p>","protected":false},"author":6,"featured_media":1322,"comment_status":"open","ping_status":"open","sticky":false,"template":"","format":"standard","meta":{"_acf_changed":false,"footnotes":""},"categories":[2],"tags":[],"class_list":["post-1321","post","type-post","status-publish","format-standard","has-post-thumbnail","hentry","category-blog"],"acf":[],"yoast_head":"<!-- This site is optimized with the Yoast SEO plugin v26.6 - https:\/\/yoast.com\/wordpress\/plugins\/seo\/ -->\n<title>Calif\u00f3rnia pro\u00edbe a venda de carros a combust\u00e3o a partir de 2035; decis\u00e3o pode influenciar o mercado automotivo global - DBK<\/title>\n<meta name=\"robots\" content=\"index, follow, max-snippet:-1, max-image-preview:large, max-video-preview:-1\" \/>\n<link rel=\"canonical\" href=\"https:\/\/www.dbk.net.br\/en\/blog\/california-proibe-a-venda-de-carros-a-combustao-a-partir-de-2035-decisao-pode-influenciar-o-mercado-automotivo-global\/\" \/>\n<meta property=\"og:locale\" content=\"en_US\" \/>\n<meta property=\"og:type\" content=\"article\" \/>\n<meta property=\"og:title\" content=\"Calif\u00f3rnia pro\u00edbe a venda de carros a combust\u00e3o a partir de 2035; decis\u00e3o pode influenciar o mercado automotivo global - DBK\" \/>\n<meta property=\"og:description\" content=\"Atualmente, 12% dos ve\u00edculos circulando na Calif\u00f3rnia entram na lista dos carros de \u2018zero-emiss\u00e3o\u2019 &nbsp; O governo da Calif\u00f3rnia anunciou nesta quinta-feira, 25 de agosto, uma mudan\u00e7a que pode impactar toda a\u00a0ind\u00fastria automobil\u00edstica\u00a0em meio a transi\u00e7\u00e3o para os ve\u00edculos de emiss\u00e3o zero. O estado americano quer barrar as vendas de carros novos a combust\u00e3o a [&hellip;]\" \/>\n<meta property=\"og:url\" content=\"https:\/\/www.dbk.net.br\/en\/blog\/california-proibe-a-venda-de-carros-a-combustao-a-partir-de-2035-decisao-pode-influenciar-o-mercado-automotivo-global\/\" \/>\n<meta property=\"og:site_name\" content=\"DBK\" \/>\n<meta property=\"article:published_time\" content=\"2022-08-25T18:29:30+00:00\" \/>\n<meta property=\"article:modified_time\" content=\"2022-08-31T18:38:33+00:00\" \/>\n<meta property=\"og:image\" content=\"https:\/\/www.dbk.net.br\/wp-content\/uploads\/2022\/08\/shutterstock_757938826.jpg\" \/>\n\t<meta property=\"og:image:width\" content=\"1000\" \/>\n\t<meta property=\"og:image:height\" content=\"508\" \/>\n\t<meta property=\"og:image:type\" content=\"image\/jpeg\" \/>\n<meta name=\"author\" content=\"Agenor Ferane\" \/>\n<meta name=\"twitter:card\" content=\"summary_large_image\" \/>\n<meta name=\"twitter:label1\" content=\"Written by\" \/>\n\t<meta name=\"twitter:data1\" content=\"Agenor Ferane\" \/>\n\t<meta name=\"twitter:label2\" content=\"Est. reading time\" \/>\n\t<meta name=\"twitter:data2\" content=\"5 minutes\" \/>\n<script type=\"application\/ld+json\" class=\"yoast-schema-graph\">{\"@context\":\"https:\/\/schema.org\",\"@graph\":[{\"@type\":\"WebPage\",\"@id\":\"https:\/\/www.dbk.net.br\/blog\/california-proibe-a-venda-de-carros-a-combustao-a-partir-de-2035-decisao-pode-influenciar-o-mercado-automotivo-global\/\",\"url\":\"https:\/\/www.dbk.net.br\/blog\/california-proibe-a-venda-de-carros-a-combustao-a-partir-de-2035-decisao-pode-influenciar-o-mercado-automotivo-global\/\",\"name\":\"Calif\u00f3rnia pro\u00edbe a venda de carros a combust\u00e3o a partir de 2035; decis\u00e3o pode influenciar o mercado automotivo global - DBK\",\"isPartOf\":{\"@id\":\"https:\/\/www.dbk.net.br\/#website\"},\"primaryImageOfPage\":{\"@id\":\"https:\/\/www.dbk.net.br\/blog\/california-proibe-a-venda-de-carros-a-combustao-a-partir-de-2035-decisao-pode-influenciar-o-mercado-automotivo-global\/#primaryimage\"},\"image\":{\"@id\":\"https:\/\/www.dbk.net.br\/blog\/california-proibe-a-venda-de-carros-a-combustao-a-partir-de-2035-decisao-pode-influenciar-o-mercado-automotivo-global\/#primaryimage\"},\"thumbnailUrl\":\"https:\/\/www.dbk.net.br\/wp-content\/uploads\/2022\/08\/shutterstock_757938826.jpg\",\"datePublished\":\"2022-08-25T18:29:30+00:00\",\"dateModified\":\"2022-08-31T18:38:33+00:00\",\"author\":{\"@id\":\"https:\/\/www.dbk.net.br\/#\/schema\/person\/cd457086c7388558d43df03aa15ae38d\"},\"breadcrumb\":{\"@id\":\"https:\/\/www.dbk.net.br\/blog\/california-proibe-a-venda-de-carros-a-combustao-a-partir-de-2035-decisao-pode-influenciar-o-mercado-automotivo-global\/#breadcrumb\"},\"inLanguage\":\"en-US\",\"potentialAction\":[{\"@type\":\"ReadAction\",\"target\":[\"https:\/\/www.dbk.net.br\/blog\/california-proibe-a-venda-de-carros-a-combustao-a-partir-de-2035-decisao-pode-influenciar-o-mercado-automotivo-global\/\"]}]},{\"@type\":\"ImageObject\",\"inLanguage\":\"en-US\",\"@id\":\"https:\/\/www.dbk.net.br\/blog\/california-proibe-a-venda-de-carros-a-combustao-a-partir-de-2035-decisao-pode-influenciar-o-mercado-automotivo-global\/#primaryimage\",\"url\":\"https:\/\/www.dbk.net.br\/wp-content\/uploads\/2022\/08\/shutterstock_757938826.jpg\",\"contentUrl\":\"https:\/\/www.dbk.net.br\/wp-content\/uploads\/2022\/08\/shutterstock_757938826.jpg\",\"width\":1000,\"height\":508},{\"@type\":\"BreadcrumbList\",\"@id\":\"https:\/\/www.dbk.net.br\/blog\/california-proibe-a-venda-de-carros-a-combustao-a-partir-de-2035-decisao-pode-influenciar-o-mercado-automotivo-global\/#breadcrumb\",\"itemListElement\":[{\"@type\":\"ListItem\",\"position\":1,\"name\":\"In\u00edcio\",\"item\":\"https:\/\/www.dbk.net.br\/\"},{\"@type\":\"ListItem\",\"position\":2,\"name\":\"Calif\u00f3rnia pro\u00edbe a venda de carros a combust\u00e3o a partir de 2035; decis\u00e3o pode influenciar o mercado automotivo global\"}]},{\"@type\":\"WebSite\",\"@id\":\"https:\/\/www.dbk.net.br\/#website\",\"url\":\"https:\/\/www.dbk.net.br\/\",\"name\":\"DBK\",\"description\":\"Dealership Brokers\",\"potentialAction\":[{\"@type\":\"SearchAction\",\"target\":{\"@type\":\"EntryPoint\",\"urlTemplate\":\"https:\/\/www.dbk.net.br\/?s={search_term_string}\"},\"query-input\":{\"@type\":\"PropertyValueSpecification\",\"valueRequired\":true,\"valueName\":\"search_term_string\"}}],\"inLanguage\":\"en-US\"},{\"@type\":\"Person\",\"@id\":\"https:\/\/www.dbk.net.br\/#\/schema\/person\/cd457086c7388558d43df03aa15ae38d\",\"name\":\"Agenor Ferane\",\"image\":{\"@type\":\"ImageObject\",\"inLanguage\":\"en-US\",\"@id\":\"https:\/\/www.dbk.net.br\/#\/schema\/person\/image\/\",\"url\":\"https:\/\/secure.gravatar.com\/avatar\/6fba16e55e52adc5f8be1d35aca137de0486b8604c4804eed9df85560a0732fe?s=96&d=mm&r=g\",\"contentUrl\":\"https:\/\/secure.gravatar.com\/avatar\/6fba16e55e52adc5f8be1d35aca137de0486b8604c4804eed9df85560a0732fe?s=96&d=mm&r=g\",\"caption\":\"Agenor Ferane\"},\"sameAs\":[\"http:\/\/www.ncoisas.digital\"],\"url\":\"https:\/\/www.dbk.net.br\/en\/author\/agenorferane\/\"}]}<\/script>\n<!-- \/ Yoast SEO plugin. -->","yoast_head_json":{"title":"Calif\u00f3rnia pro\u00edbe a venda de carros a combust\u00e3o a partir de 2035; decis\u00e3o pode influenciar o mercado automotivo global - DBK","robots":{"index":"index","follow":"follow","max-snippet":"max-snippet:-1","max-image-preview":"max-image-preview:large","max-video-preview":"max-video-preview:-1"},"canonical":"https:\/\/www.dbk.net.br\/en\/blog\/california-proibe-a-venda-de-carros-a-combustao-a-partir-de-2035-decisao-pode-influenciar-o-mercado-automotivo-global\/","og_locale":"en_US","og_type":"article","og_title":"Calif\u00f3rnia pro\u00edbe a venda de carros a combust\u00e3o a partir de 2035; decis\u00e3o pode influenciar o mercado automotivo global - DBK","og_description":"Atualmente, 12% dos ve\u00edculos circulando na Calif\u00f3rnia entram na lista dos carros de \u2018zero-emiss\u00e3o\u2019 &nbsp; O governo da Calif\u00f3rnia anunciou nesta quinta-feira, 25 de agosto, uma mudan\u00e7a que pode impactar toda a\u00a0ind\u00fastria automobil\u00edstica\u00a0em meio a transi\u00e7\u00e3o para os ve\u00edculos de emiss\u00e3o zero. O estado americano quer barrar as vendas de carros novos a combust\u00e3o a [&hellip;]","og_url":"https:\/\/www.dbk.net.br\/en\/blog\/california-proibe-a-venda-de-carros-a-combustao-a-partir-de-2035-decisao-pode-influenciar-o-mercado-automotivo-global\/","og_site_name":"DBK","article_published_time":"2022-08-25T18:29:30+00:00","article_modified_time":"2022-08-31T18:38:33+00:00","og_image":[{"width":1000,"height":508,"url":"https:\/\/www.dbk.net.br\/wp-content\/uploads\/2022\/08\/shutterstock_757938826.jpg","type":"image\/jpeg"}],"author":"Agenor Ferane","twitter_card":"summary_large_image","twitter_misc":{"Written by":"Agenor Ferane","Est. reading time":"5 minutes"},"schema":{"@context":"https:\/\/schema.org","@graph":[{"@type":"WebPage","@id":"https:\/\/www.dbk.net.br\/blog\/california-proibe-a-venda-de-carros-a-combustao-a-partir-de-2035-decisao-pode-influenciar-o-mercado-automotivo-global\/","url":"https:\/\/www.dbk.net.br\/blog\/california-proibe-a-venda-de-carros-a-combustao-a-partir-de-2035-decisao-pode-influenciar-o-mercado-automotivo-global\/","name":"Calif\u00f3rnia pro\u00edbe a venda de carros a combust\u00e3o a partir de 2035; decis\u00e3o pode influenciar o mercado automotivo global - DBK","isPartOf":{"@id":"https:\/\/www.dbk.net.br\/#website"},"primaryImageOfPage":{"@id":"https:\/\/www.dbk.net.br\/blog\/california-proibe-a-venda-de-carros-a-combustao-a-partir-de-2035-decisao-pode-influenciar-o-mercado-automotivo-global\/#primaryimage"},"image":{"@id":"https:\/\/www.dbk.net.br\/blog\/california-proibe-a-venda-de-carros-a-combustao-a-partir-de-2035-decisao-pode-influenciar-o-mercado-automotivo-global\/#primaryimage"},"thumbnailUrl":"https:\/\/www.dbk.net.br\/wp-content\/uploads\/2022\/08\/shutterstock_757938826.jpg","datePublished":"2022-08-25T18:29:30+00:00","dateModified":"2022-08-31T18:38:33+00:00","author":{"@id":"https:\/\/www.dbk.net.br\/#\/schema\/person\/cd457086c7388558d43df03aa15ae38d"},"breadcrumb":{"@id":"https:\/\/www.dbk.net.br\/blog\/california-proibe-a-venda-de-carros-a-combustao-a-partir-de-2035-decisao-pode-influenciar-o-mercado-automotivo-global\/#breadcrumb"},"inLanguage":"en-US","potentialAction":[{"@type":"ReadAction","target":["https:\/\/www.dbk.net.br\/blog\/california-proibe-a-venda-de-carros-a-combustao-a-partir-de-2035-decisao-pode-influenciar-o-mercado-automotivo-global\/"]}]},{"@type":"ImageObject","inLanguage":"en-US","@id":"https:\/\/www.dbk.net.br\/blog\/california-proibe-a-venda-de-carros-a-combustao-a-partir-de-2035-decisao-pode-influenciar-o-mercado-automotivo-global\/#primaryimage","url":"https:\/\/www.dbk.net.br\/wp-content\/uploads\/2022\/08\/shutterstock_757938826.jpg","contentUrl":"https:\/\/www.dbk.net.br\/wp-content\/uploads\/2022\/08\/shutterstock_757938826.jpg","width":1000,"height":508},{"@type":"BreadcrumbList","@id":"https:\/\/www.dbk.net.br\/blog\/california-proibe-a-venda-de-carros-a-combustao-a-partir-de-2035-decisao-pode-influenciar-o-mercado-automotivo-global\/#breadcrumb","itemListElement":[{"@type":"ListItem","position":1,"name":"In\u00edcio","item":"https:\/\/www.dbk.net.br\/"},{"@type":"ListItem","position":2,"name":"Calif\u00f3rnia pro\u00edbe a venda de carros a combust\u00e3o a partir de 2035; decis\u00e3o pode influenciar o mercado automotivo global"}]},{"@type":"WebSite","@id":"https:\/\/www.dbk.net.br\/#website","url":"https:\/\/www.dbk.net.br\/","name":"DBK","description":"Dealership Brokers","potentialAction":[{"@type":"SearchAction","target":{"@type":"EntryPoint","urlTemplate":"https:\/\/www.dbk.net.br\/?s={search_term_string}"},"query-input":{"@type":"PropertyValueSpecification","valueRequired":true,"valueName":"search_term_string"}}],"inLanguage":"en-US"},{"@type":"Person","@id":"https:\/\/www.dbk.net.br\/#\/schema\/person\/cd457086c7388558d43df03aa15ae38d","name":"Agenor Ferane","image":{"@type":"ImageObject","inLanguage":"en-US","@id":"https:\/\/www.dbk.net.br\/#\/schema\/person\/image\/","url":"https:\/\/secure.gravatar.com\/avatar\/6fba16e55e52adc5f8be1d35aca137de0486b8604c4804eed9df85560a0732fe?s=96&d=mm&r=g","contentUrl":"https:\/\/secure.gravatar.com\/avatar\/6fba16e55e52adc5f8be1d35aca137de0486b8604c4804eed9df85560a0732fe?s=96&d=mm&r=g","caption":"Agenor Ferane"},"sameAs":["http:\/\/www.ncoisas.digital"],"url":"https:\/\/www.dbk.net.br\/en\/author\/agenorferane\/"}]}},"_links":{"self":[{"href":"https:\/\/www.dbk.net.br\/en\/wp-json\/wp\/v2\/posts\/1321","targetHints":{"allow":["GET"]}}],"collection":[{"href":"https:\/\/www.dbk.net.br\/en\/wp-json\/wp\/v2\/posts"}],"about":[{"href":"https:\/\/www.dbk.net.br\/en\/wp-json\/wp\/v2\/types\/post"}],"author":[{"embeddable":true,"href":"https:\/\/www.dbk.net.br\/en\/wp-json\/wp\/v2\/users\/6"}],"replies":[{"embeddable":true,"href":"https:\/\/www.dbk.net.br\/en\/wp-json\/wp\/v2\/comments?post=1321"}],"version-history":[{"count":4,"href":"https:\/\/www.dbk.net.br\/en\/wp-json\/wp\/v2\/posts\/1321\/revisions"}],"predecessor-version":[{"id":1326,"href":"https:\/\/www.dbk.net.br\/en\/wp-json\/wp\/v2\/posts\/1321\/revisions\/1326"}],"wp:featuredmedia":[{"embeddable":true,"href":"https:\/\/www.dbk.net.br\/en\/wp-json\/wp\/v2\/media\/1322"}],"wp:attachment":[{"href":"https:\/\/www.dbk.net.br\/en\/wp-json\/wp\/v2\/media?parent=1321"}],"wp:term":[{"taxonomy":"category","embeddable":true,"href":"https:\/\/www.dbk.net.br\/en\/wp-json\/wp\/v2\/categories?post=1321"},{"taxonomy":"post_tag","embeddable":true,"href":"https:\/\/www.dbk.net.br\/en\/wp-json\/wp\/v2\/tags?post=1321"}],"curies":[{"name":"wp","href":"https:\/\/api.w.org\/{rel}","templated":true}]}}