
{"id":1206,"date":"2022-08-02T15:53:31","date_gmt":"2022-08-02T18:53:31","guid":{"rendered":"https:\/\/www.dbk.net.br\/?p=1206"},"modified":"2022-08-05T18:56:12","modified_gmt":"2022-08-05T21:56:12","slug":"so-as-locadoras-salvam","status":"publish","type":"post","link":"https:\/\/www.dbk.net.br\/en\/blog\/so-as-locadoras-salvam\/","title":{"rendered":"S\u00f3 as locadoras salvam!"},"content":{"rendered":"<h3>A l\u00f3gica era que tiv\u00e9ssemos o 7\u00ba m\u00eas de queda de vendas no setor automotivo em 2022. Mas eis que, nos \u00faltimos dias de julho, nosso \u201canti-her\u00f3i\u201d favorito apareceu para salvar (mais uma vez) o segmento<\/h3>\n<p>Na montanha russa que \u00e9 o setor automotivo, hav\u00edamos encerrado o primeiro semestre amargando seis meses consecutivos de queda nas vendas.<\/p>\n<p>A l\u00f3gica mais que natural era que, em julho, tiv\u00e9ssemos a nossa s\u00e9tima queda consecutiva.<\/p>\n<p>Mas eis que, nos \u00faltimos dias do m\u00eas, o nosso \u201canti-her\u00f3i\u201d favorito apareceu para salvar (mais uma vez) o setor automotivo!<\/p>\n<p>Sim, caros leitores: estamos falando dos grandes compradores de carros (logicamente que tudo na \u201cbacia das almas\u201d) do setor automotivo, o nosso TRIO CALAFRIO (LOCALIZA; UNIDAS e MOVIDA).<\/p>\n<p>O que registramos neste m\u00eas de julho que acabou de se encerrar?<\/p>\n<p>Tivemos 169 mil carros vendidos, o que representou um aumento de 2,2% sobre junho, quando vendemos 165,4 mil ve\u00edculos. Sobre o mesmo per\u00edodo do ano passado, quando houve a comercializa\u00e7\u00e3o de 162,4 mil unidades, o crescimento foi de 4,1%.<\/p>\n<p>Mesmo com esse crescimento em julho, o setor ainda registra retra\u00e7\u00e3o de 13% no acumulado do ano. Nestes sete primeiros meses de 2022, vendemos 1,02 milh\u00e3o de unidades contra 1,17 milh\u00e3o sobre igual per\u00edodo de 2021. Em resumo, estamos com um m\u00eas de vendas de defasagem.<\/p>\n<p>Mas o ponto a se comemorar \u00e9 que, ap\u00f3s seis meses de queda consecutiva, o setor automotivo conseguiu colocar o nariz (um pouco) para fora d\u2019agua e dar um breve suspiro.<\/p>\n<p>A grande ressalva \u00e9: at\u00e9 que ponto essa \u201crecupera\u00e7\u00e3o\u201d do setor \u00e9 sustent\u00e1vel?<\/p>\n<p>O que registramos foi a absurda quantidade de carros emplacados l\u00e1 na terra das locadoras (\u201cBelzonte\u201d). Dos 169 mil carros vendidos no m\u00eas de julho, 20% foram direto (?) para Belo Horizonte.<\/p>\n<p>As vendas no Brasil, neste ano, est\u00e3o com queda de 13%. J\u00e1 Belo Horizonte (cidade que mais emplaca carros) viu as suas vendas apresentarem crescimento de 4%.<\/p>\n<p>Outro ponto \u00e9 que as montadoras j\u00e1 perceberam que quem vai salvar a vida delas neste ano s\u00e3o as locadoras, frotistas e afins \u2013 o chamado p\u00fablico PJ (pessoa jur\u00eddica).<\/p>\n<p>E, nesse tipo de modalidade, as vendas s\u00e3o feitas \u201cdiretamente\u201d pelas marcas.<\/p>\n<p>Pela primeira vez na hist\u00f3ria do setor automotivo, as vendas para o p\u00fablico PJ foram superiores \u00e0s vendas para PF (pessoas f\u00edsicas). Quase 51% das vendas de carros no m\u00eas de julho foram para PJ, como locadoras, frotistas e afins.<\/p>\n<p>O buraco no setor automotivo est\u00e1 t\u00e3o grande, mas t\u00e3o grande, que as montadoras come\u00e7aram a apelar! E eles est\u00e3o desesperados atr\u00e1s do pessoal PJ. Com isso, as vendas diretas das montadoras chegaram a propor\u00e7\u00f5es nunca imaginadas.<\/p>\n<p>Sente o drama:<br \/>\nO percentual de participa\u00e7\u00e3o da venda direta de algumas montadoras sobre o total foi o seguinte: Nissan \u2013 90%; GM \u2013 81%; VW \u2013 64%; Fiat \u2013 60%; Mitsubishi \u2013 55%; Renault \u2013 53%.<\/p>\n<p>Tanto que isso gerou algumas \u201cdistor\u00e7\u00f5es\u201d!<\/p>\n<p>Por exemplo: o carro mais vendido em julho foi o \u201cnov\u00edssimo\u201d VW GOL, que j\u00e1 tem 42 anos de vida e se encontra em processo de eutan\u00e1sia para o final desse ano.<\/p>\n<p>Fico aqui imaginando quanto o nosso \u201ctrio calafrio\u201d pagou neste carro \u2013 deve ter sido um neg\u00f3cio da China para as locadoras\u2026<\/p>\n<p>O grande ponto para o setor automotivo \u00e9 saber se o apetite das tr\u00eas grandes locadoras ir\u00e1 se manter at\u00e9 o final do ano ou se isso foi apenas uma miragem no deserto.<\/p>\n<p>O setor precisa se reinventar urgentemente! O parque fabril tem capacidade de produ\u00e7\u00e3o de uns 5 milh\u00f5es de unidades e nem com reza brava chegaremos aos 2 milh\u00f5es de unidades. A ociosidade fabril \u00e9 pr\u00f3xima a 60%.<\/p>\n<p>&nbsp;<\/p>\n<p><strong>Fonte:<\/strong> <a href=\"https:\/\/www.infomoney.com.br\/colunistas\/o-mundo-sobre-muitas-rodas\/so-as-locadoras-salvam\/\">https:\/\/www.infomoney.com.br\/colunistas\/o-mundo-sobre-muitas-rodas\/so-as-locadoras-salvam\/<\/a><\/p>","protected":false},"excerpt":{"rendered":"<p>A l\u00f3gica era que tiv\u00e9ssemos o 7\u00ba m\u00eas de queda de vendas no setor automotivo em 2022. Mas eis que, nos \u00faltimos dias de julho, nosso \u201canti-her\u00f3i\u201d favorito apareceu para salvar (mais uma vez) o segmento Na montanha russa que \u00e9 o setor automotivo, hav\u00edamos encerrado o primeiro semestre amargando seis meses consecutivos de queda [&hellip;]<\/p>","protected":false},"author":6,"featured_media":1207,"comment_status":"open","ping_status":"open","sticky":false,"template":"","format":"standard","meta":{"_acf_changed":false,"footnotes":""},"categories":[2],"tags":[],"class_list":["post-1206","post","type-post","status-publish","format-standard","has-post-thumbnail","hentry","category-blog"],"acf":[],"yoast_head":"<!-- This site is optimized with the Yoast SEO plugin v26.6 - https:\/\/yoast.com\/wordpress\/plugins\/seo\/ -->\n<title>S\u00f3 as locadoras salvam! - DBK<\/title>\n<meta name=\"robots\" content=\"index, follow, max-snippet:-1, max-image-preview:large, max-video-preview:-1\" \/>\n<link rel=\"canonical\" href=\"https:\/\/www.dbk.net.br\/en\/blog\/so-as-locadoras-salvam\/\" \/>\n<meta property=\"og:locale\" content=\"en_US\" \/>\n<meta property=\"og:type\" content=\"article\" \/>\n<meta property=\"og:title\" content=\"S\u00f3 as locadoras salvam! - DBK\" \/>\n<meta property=\"og:description\" content=\"A l\u00f3gica era que tiv\u00e9ssemos o 7\u00ba m\u00eas de queda de vendas no setor automotivo em 2022. Mas eis que, nos \u00faltimos dias de julho, nosso \u201canti-her\u00f3i\u201d favorito apareceu para salvar (mais uma vez) o segmento Na montanha russa que \u00e9 o setor automotivo, hav\u00edamos encerrado o primeiro semestre amargando seis meses consecutivos de queda [&hellip;]\" \/>\n<meta property=\"og:url\" content=\"https:\/\/www.dbk.net.br\/en\/blog\/so-as-locadoras-salvam\/\" \/>\n<meta property=\"og:site_name\" content=\"DBK\" \/>\n<meta property=\"article:published_time\" content=\"2022-08-02T18:53:31+00:00\" \/>\n<meta property=\"article:modified_time\" content=\"2022-08-05T21:56:12+00:00\" \/>\n<meta property=\"og:image\" content=\"https:\/\/www.dbk.net.br\/wp-content\/uploads\/2022\/08\/carro-gol.jpg\" \/>\n\t<meta property=\"og:image:width\" content=\"915\" \/>\n\t<meta property=\"og:image:height\" content=\"513\" \/>\n\t<meta property=\"og:image:type\" content=\"image\/jpeg\" \/>\n<meta name=\"author\" content=\"Agenor Ferane\" \/>\n<meta name=\"twitter:card\" content=\"summary_large_image\" \/>\n<meta name=\"twitter:label1\" content=\"Written by\" \/>\n\t<meta name=\"twitter:data1\" content=\"Agenor Ferane\" \/>\n\t<meta name=\"twitter:label2\" content=\"Est. reading time\" \/>\n\t<meta name=\"twitter:data2\" content=\"4 minutes\" \/>\n<script type=\"application\/ld+json\" class=\"yoast-schema-graph\">{\"@context\":\"https:\/\/schema.org\",\"@graph\":[{\"@type\":\"WebPage\",\"@id\":\"https:\/\/www.dbk.net.br\/blog\/so-as-locadoras-salvam\/\",\"url\":\"https:\/\/www.dbk.net.br\/blog\/so-as-locadoras-salvam\/\",\"name\":\"S\u00f3 as locadoras salvam! - DBK\",\"isPartOf\":{\"@id\":\"https:\/\/www.dbk.net.br\/#website\"},\"primaryImageOfPage\":{\"@id\":\"https:\/\/www.dbk.net.br\/blog\/so-as-locadoras-salvam\/#primaryimage\"},\"image\":{\"@id\":\"https:\/\/www.dbk.net.br\/blog\/so-as-locadoras-salvam\/#primaryimage\"},\"thumbnailUrl\":\"https:\/\/www.dbk.net.br\/wp-content\/uploads\/2022\/08\/carro-gol.jpg\",\"datePublished\":\"2022-08-02T18:53:31+00:00\",\"dateModified\":\"2022-08-05T21:56:12+00:00\",\"author\":{\"@id\":\"https:\/\/www.dbk.net.br\/#\/schema\/person\/cd457086c7388558d43df03aa15ae38d\"},\"breadcrumb\":{\"@id\":\"https:\/\/www.dbk.net.br\/blog\/so-as-locadoras-salvam\/#breadcrumb\"},\"inLanguage\":\"en-US\",\"potentialAction\":[{\"@type\":\"ReadAction\",\"target\":[\"https:\/\/www.dbk.net.br\/blog\/so-as-locadoras-salvam\/\"]}]},{\"@type\":\"ImageObject\",\"inLanguage\":\"en-US\",\"@id\":\"https:\/\/www.dbk.net.br\/blog\/so-as-locadoras-salvam\/#primaryimage\",\"url\":\"https:\/\/www.dbk.net.br\/wp-content\/uploads\/2022\/08\/carro-gol.jpg\",\"contentUrl\":\"https:\/\/www.dbk.net.br\/wp-content\/uploads\/2022\/08\/carro-gol.jpg\",\"width\":915,\"height\":513},{\"@type\":\"BreadcrumbList\",\"@id\":\"https:\/\/www.dbk.net.br\/blog\/so-as-locadoras-salvam\/#breadcrumb\",\"itemListElement\":[{\"@type\":\"ListItem\",\"position\":1,\"name\":\"In\u00edcio\",\"item\":\"https:\/\/www.dbk.net.br\/\"},{\"@type\":\"ListItem\",\"position\":2,\"name\":\"S\u00f3 as locadoras salvam!\"}]},{\"@type\":\"WebSite\",\"@id\":\"https:\/\/www.dbk.net.br\/#website\",\"url\":\"https:\/\/www.dbk.net.br\/\",\"name\":\"DBK\",\"description\":\"Dealership Brokers\",\"potentialAction\":[{\"@type\":\"SearchAction\",\"target\":{\"@type\":\"EntryPoint\",\"urlTemplate\":\"https:\/\/www.dbk.net.br\/?s={search_term_string}\"},\"query-input\":{\"@type\":\"PropertyValueSpecification\",\"valueRequired\":true,\"valueName\":\"search_term_string\"}}],\"inLanguage\":\"en-US\"},{\"@type\":\"Person\",\"@id\":\"https:\/\/www.dbk.net.br\/#\/schema\/person\/cd457086c7388558d43df03aa15ae38d\",\"name\":\"Agenor Ferane\",\"image\":{\"@type\":\"ImageObject\",\"inLanguage\":\"en-US\",\"@id\":\"https:\/\/www.dbk.net.br\/#\/schema\/person\/image\/\",\"url\":\"https:\/\/secure.gravatar.com\/avatar\/6fba16e55e52adc5f8be1d35aca137de0486b8604c4804eed9df85560a0732fe?s=96&d=mm&r=g\",\"contentUrl\":\"https:\/\/secure.gravatar.com\/avatar\/6fba16e55e52adc5f8be1d35aca137de0486b8604c4804eed9df85560a0732fe?s=96&d=mm&r=g\",\"caption\":\"Agenor Ferane\"},\"sameAs\":[\"http:\/\/www.ncoisas.digital\"],\"url\":\"https:\/\/www.dbk.net.br\/en\/author\/agenorferane\/\"}]}<\/script>\n<!-- \/ Yoast SEO plugin. -->","yoast_head_json":{"title":"S\u00f3 as locadoras salvam! - DBK","robots":{"index":"index","follow":"follow","max-snippet":"max-snippet:-1","max-image-preview":"max-image-preview:large","max-video-preview":"max-video-preview:-1"},"canonical":"https:\/\/www.dbk.net.br\/en\/blog\/so-as-locadoras-salvam\/","og_locale":"en_US","og_type":"article","og_title":"S\u00f3 as locadoras salvam! - DBK","og_description":"A l\u00f3gica era que tiv\u00e9ssemos o 7\u00ba m\u00eas de queda de vendas no setor automotivo em 2022. Mas eis que, nos \u00faltimos dias de julho, nosso \u201canti-her\u00f3i\u201d favorito apareceu para salvar (mais uma vez) o segmento Na montanha russa que \u00e9 o setor automotivo, hav\u00edamos encerrado o primeiro semestre amargando seis meses consecutivos de queda [&hellip;]","og_url":"https:\/\/www.dbk.net.br\/en\/blog\/so-as-locadoras-salvam\/","og_site_name":"DBK","article_published_time":"2022-08-02T18:53:31+00:00","article_modified_time":"2022-08-05T21:56:12+00:00","og_image":[{"width":915,"height":513,"url":"https:\/\/www.dbk.net.br\/wp-content\/uploads\/2022\/08\/carro-gol.jpg","type":"image\/jpeg"}],"author":"Agenor Ferane","twitter_card":"summary_large_image","twitter_misc":{"Written by":"Agenor Ferane","Est. reading time":"4 minutes"},"schema":{"@context":"https:\/\/schema.org","@graph":[{"@type":"WebPage","@id":"https:\/\/www.dbk.net.br\/blog\/so-as-locadoras-salvam\/","url":"https:\/\/www.dbk.net.br\/blog\/so-as-locadoras-salvam\/","name":"S\u00f3 as locadoras salvam! - DBK","isPartOf":{"@id":"https:\/\/www.dbk.net.br\/#website"},"primaryImageOfPage":{"@id":"https:\/\/www.dbk.net.br\/blog\/so-as-locadoras-salvam\/#primaryimage"},"image":{"@id":"https:\/\/www.dbk.net.br\/blog\/so-as-locadoras-salvam\/#primaryimage"},"thumbnailUrl":"https:\/\/www.dbk.net.br\/wp-content\/uploads\/2022\/08\/carro-gol.jpg","datePublished":"2022-08-02T18:53:31+00:00","dateModified":"2022-08-05T21:56:12+00:00","author":{"@id":"https:\/\/www.dbk.net.br\/#\/schema\/person\/cd457086c7388558d43df03aa15ae38d"},"breadcrumb":{"@id":"https:\/\/www.dbk.net.br\/blog\/so-as-locadoras-salvam\/#breadcrumb"},"inLanguage":"en-US","potentialAction":[{"@type":"ReadAction","target":["https:\/\/www.dbk.net.br\/blog\/so-as-locadoras-salvam\/"]}]},{"@type":"ImageObject","inLanguage":"en-US","@id":"https:\/\/www.dbk.net.br\/blog\/so-as-locadoras-salvam\/#primaryimage","url":"https:\/\/www.dbk.net.br\/wp-content\/uploads\/2022\/08\/carro-gol.jpg","contentUrl":"https:\/\/www.dbk.net.br\/wp-content\/uploads\/2022\/08\/carro-gol.jpg","width":915,"height":513},{"@type":"BreadcrumbList","@id":"https:\/\/www.dbk.net.br\/blog\/so-as-locadoras-salvam\/#breadcrumb","itemListElement":[{"@type":"ListItem","position":1,"name":"In\u00edcio","item":"https:\/\/www.dbk.net.br\/"},{"@type":"ListItem","position":2,"name":"S\u00f3 as locadoras salvam!"}]},{"@type":"WebSite","@id":"https:\/\/www.dbk.net.br\/#website","url":"https:\/\/www.dbk.net.br\/","name":"DBK","description":"Dealership Brokers","potentialAction":[{"@type":"SearchAction","target":{"@type":"EntryPoint","urlTemplate":"https:\/\/www.dbk.net.br\/?s={search_term_string}"},"query-input":{"@type":"PropertyValueSpecification","valueRequired":true,"valueName":"search_term_string"}}],"inLanguage":"en-US"},{"@type":"Person","@id":"https:\/\/www.dbk.net.br\/#\/schema\/person\/cd457086c7388558d43df03aa15ae38d","name":"Agenor Ferane","image":{"@type":"ImageObject","inLanguage":"en-US","@id":"https:\/\/www.dbk.net.br\/#\/schema\/person\/image\/","url":"https:\/\/secure.gravatar.com\/avatar\/6fba16e55e52adc5f8be1d35aca137de0486b8604c4804eed9df85560a0732fe?s=96&d=mm&r=g","contentUrl":"https:\/\/secure.gravatar.com\/avatar\/6fba16e55e52adc5f8be1d35aca137de0486b8604c4804eed9df85560a0732fe?s=96&d=mm&r=g","caption":"Agenor Ferane"},"sameAs":["http:\/\/www.ncoisas.digital"],"url":"https:\/\/www.dbk.net.br\/en\/author\/agenorferane\/"}]}},"_links":{"self":[{"href":"https:\/\/www.dbk.net.br\/en\/wp-json\/wp\/v2\/posts\/1206","targetHints":{"allow":["GET"]}}],"collection":[{"href":"https:\/\/www.dbk.net.br\/en\/wp-json\/wp\/v2\/posts"}],"about":[{"href":"https:\/\/www.dbk.net.br\/en\/wp-json\/wp\/v2\/types\/post"}],"author":[{"embeddable":true,"href":"https:\/\/www.dbk.net.br\/en\/wp-json\/wp\/v2\/users\/6"}],"replies":[{"embeddable":true,"href":"https:\/\/www.dbk.net.br\/en\/wp-json\/wp\/v2\/comments?post=1206"}],"version-history":[{"count":3,"href":"https:\/\/www.dbk.net.br\/en\/wp-json\/wp\/v2\/posts\/1206\/revisions"}],"predecessor-version":[{"id":1210,"href":"https:\/\/www.dbk.net.br\/en\/wp-json\/wp\/v2\/posts\/1206\/revisions\/1210"}],"wp:featuredmedia":[{"embeddable":true,"href":"https:\/\/www.dbk.net.br\/en\/wp-json\/wp\/v2\/media\/1207"}],"wp:attachment":[{"href":"https:\/\/www.dbk.net.br\/en\/wp-json\/wp\/v2\/media?parent=1206"}],"wp:term":[{"taxonomy":"category","embeddable":true,"href":"https:\/\/www.dbk.net.br\/en\/wp-json\/wp\/v2\/categories?post=1206"},{"taxonomy":"post_tag","embeddable":true,"href":"https:\/\/www.dbk.net.br\/en\/wp-json\/wp\/v2\/tags?post=1206"}],"curies":[{"name":"wp","href":"https:\/\/api.w.org\/{rel}","templated":true}]}}